{"id":15415,"date":"2024-02-06T07:52:16","date_gmt":"2024-02-06T10:52:16","guid":{"rendered":"https:\/\/blogs.correiobraziliense.com.br\/capital-sa\/?p=15415"},"modified":"2024-02-07T07:53:39","modified_gmt":"2024-02-07T10:53:39","slug":"mudanca-na-chefia-do-departamento-economico-e-comercial-da-embaixada-da-argentina","status":"publish","type":"post","link":"https:\/\/blogs.correiobraziliense.com.br\/capital-sa\/2024\/02\/06\/mudanca-na-chefia-do-departamento-economico-e-comercial-da-embaixada-da-argentina\/","title":{"rendered":"Mudan\u00e7a na chefia do Departamento Econ\u00f4mico da embaixada da Argentina"},"content":{"rendered":"<p class=\"p1\"><span class=\"s1\"><b>Por Samanta Sallum\u00a0<\/b><\/span><\/p>\n<p class=\"p1\"><span class=\"s1\">Em visita ao presidente do Sistema Fecom\u00e9rcio-DF, Jos\u00e9 Aparecido Freire, o ministro Rodrigo Bardoneschi, chefe do Departamento Econ\u00f4mico e Comercial da Embaixada da Argentina em Bras\u00edlia, despediu-se do posto na semana passada.<\/span><\/p>\n<p class=\"p1\"><span class=\"s1\">Ele aproveitou o encontro para apresentar seu substituto, o conselheiro Patr\u00edcio Violini, que est\u00e1 h\u00e1 cerca de quatro meses na capital e prometeu dar sequ\u00eancia \u00e0 parceria e aos projetos desenvolvidos ao longo da \u00faltima gest\u00e3o.<\/span><\/p>\n<p class=\"p1\"><span class=\"s1\"><b>Aumento de importa\u00e7\u00e3o e exporta\u00e7\u00e3o <\/b><\/span><\/p>\n<p class=\"p1\"><span class=\"s1\">Segundo a embaixada da Argentina, em 2023 houve aumento de US$ 1,4 milh\u00e3o em produtos argentinos importados pelo DF. Um dos motivos foi a cria\u00e7\u00e3o do Programa de S\u00f3cios Log\u00edsticos Estrat\u00e9gicos no Brasil. As exporta\u00e7\u00f5es do DF tamb\u00e9m cresceram. Passaram de U$ 1,95 milh\u00e3o, em 2022, para U$ 2,3 milh\u00f5es, em 2023. <\/span><\/p>\n<p class=\"p1\"><span class=\"s1\"><b>Rela\u00e7\u00e3o pr\u00f3xima com o DF<\/b><\/span><\/p>\n<p class=\"p1\"><span class=\"s1\">No balan\u00e7o da miss\u00e3o de cinco anos, Bardoneschi destacou a reativa\u00e7\u00e3o da C\u00e2mara de Com\u00e9rcio Argentino-Brasileira do Distrito Federal, em junho de 2022, cuja presid\u00eancia est\u00e1 sob o comando da Fecom\u00e9rcio-DF desde ent\u00e3o. Ap\u00f3s a retomada dos trabalhos, foram realizadas tr\u00eas importantes rodadas de neg\u00f3cios nas \u00e1reas de alimentos e bebidas, autope\u00e7as e agrope\u00e7as, al\u00e9m do evento MALBEC DAY, voltado para compradores brasileiros. A miss\u00e3o do Sesc-DF para o pa\u00eds vizinho tamb\u00e9m contou com o apoio da embaixada. <\/span><\/p>\n<p class=\"p1\"><span class=\"s1\"><b>Rodadas de neg\u00f3cios <\/b><\/span><\/p>\n<p class=\"p1\"><span class=\"s1\">\u201cEssa visita ao presidente Aparecido serve para ratificar os projetos desenvolvidos at\u00e9 agora e dizer que trabalharemos para fortalecer nossas rela\u00e7\u00f5es bilaterais em diversas \u00e1reas. Em breve faremos um evento voltado para o turismo e novas rodadas de neg\u00f3cios, n\u00e3o s\u00f3 em Bras\u00edlia, mas tamb\u00e9m em Goi\u00e2nia, no Amazonas e em Belo Horizonte. Pretendemos, ainda, abrir espa\u00e7o dentro da embaixada para estudantes universit\u00e1rios em projetos de est\u00e1gio na \u00e1rea de com\u00e9rcio internacional. Para isso, esperamos contar com o apoio do Instituto Fecom\u00e9rcio-DF\u201d, afirmou Bardoneschi.<\/span><\/p>\n<p class=\"p1\"><span class=\"s1\">O futuro ministro-chefe da \u00e1rea comercial da embaixada argentina garantiu que dar\u00e1 sequ\u00eancia ao trabalho de seu antecessor. \u201cO ministro Bardoneschi criou esse importante relacionamento com nosso principal parceiro comercial, que \u00e9 o Brasil. A atua\u00e7\u00e3o dele aqui em Bras\u00edlia \u00e9 um caso de \u00eaxito que merece ser continuado e aprofundado\u201d, destacou Violini.<\/span><\/p>\n","protected":false},"excerpt":{"rendered":"<p>Por Samanta Sallum\u00a0 Em visita ao presidente do Sistema Fecom\u00e9rcio-DF, Jos\u00e9 Aparecido Freire, o ministro Rodrigo Bardoneschi, chefe do Departamento Econ\u00f4mico e Comercial da Embaixada da Argentina em Bras\u00edlia, despediu-se do posto na semana passada. Ele aproveitou o encontro para apresentar seu substituto, o conselheiro Patr\u00edcio Violini, que est\u00e1 h\u00e1 cerca de quatro meses na capital e prometeu dar sequ\u00eancia [&hellip;]<\/p>\n","protected":false},"author":125,"featured_media":15425,"comment_status":"open","ping_status":"open","sticky":false,"template":"","format":"standard","meta":{"footnotes":""},"categories":[6],"tags":[799,919,2104],"class_list":["post-15415","post","type-post","status-publish","format-standard","has-post-thumbnail","hentry","category-coluna-capital-s-a","tag-argentina","tag-brasil","tag-parceria-embaixada"],"_links":{"self":[{"href":"https:\/\/blogs.correiobraziliense.com.br\/capital-sa\/wp-json\/wp\/v2\/posts\/15415","targetHints":{"allow":["GET"]}}],"collection":[{"href":"https:\/\/blogs.correiobraziliense.com.br\/capital-sa\/wp-json\/wp\/v2\/posts"}],"about":[{"href":"https:\/\/blogs.correiobraziliense.com.br\/capital-sa\/wp-json\/wp\/v2\/types\/post"}],"author":[{"embeddable":true,"href":"https:\/\/blogs.correiobraziliense.com.br\/capital-sa\/wp-json\/wp\/v2\/users\/125"}],"replies":[{"embeddable":true,"href":"https:\/\/blogs.correiobraziliense.com.br\/capital-sa\/wp-json\/wp\/v2\/comments?post=15415"}],"version-history":[{"count":8,"href":"https:\/\/blogs.correiobraziliense.com.br\/capital-sa\/wp-json\/wp\/v2\/posts\/15415\/revisions"}],"predecessor-version":[{"id":15457,"href":"https:\/\/blogs.correiobraziliense.com.br\/capital-sa\/wp-json\/wp\/v2\/posts\/15415\/revisions\/15457"}],"wp:featuredmedia":[{"embeddable":true,"href":"https:\/\/blogs.correiobraziliense.com.br\/capital-sa\/wp-json\/wp\/v2\/media\/15425"}],"wp:attachment":[{"href":"https:\/\/blogs.correiobraziliense.com.br\/capital-sa\/wp-json\/wp\/v2\/media?parent=15415"}],"wp:term":[{"taxonomy":"category","embeddable":true,"href":"https:\/\/blogs.correiobraziliense.com.br\/capital-sa\/wp-json\/wp\/v2\/categories?post=15415"},{"taxonomy":"post_tag","embeddable":true,"href":"https:\/\/blogs.correiobraziliense.com.br\/capital-sa\/wp-json\/wp\/v2\/tags?post=15415"}],"curies":[{"name":"wp","href":"https:\/\/api.w.org\/{rel}","templated":true}]}}