{"id":15412,"date":"2024-02-06T10:20:35","date_gmt":"2024-02-06T13:20:35","guid":{"rendered":"https:\/\/blogs.correiobraziliense.com.br\/capital-sa\/?p=15412"},"modified":"2024-02-06T17:20:27","modified_gmt":"2024-02-06T20:20:27","slug":"prevencao-a-violencia-contra-mulher-em-bares-e-restaurantes-do-df","status":"publish","type":"post","link":"https:\/\/blogs.correiobraziliense.com.br\/capital-sa\/2024\/02\/06\/prevencao-a-violencia-contra-mulher-em-bares-e-restaurantes-do-df\/","title":{"rendered":"Preven\u00e7\u00e3o \u00e0 viol\u00eancia contra mulher em bares e restaurantes do DF"},"content":{"rendered":"<div class=\"gmail_attr\" dir=\"ltr\"><span style=\"font-size: large\"><b>Por Samanta Sallum\u00a0<\/b><\/span><\/div>\n<p><span style=\"font-size: large\">O Fundo de Popula\u00e7\u00e3o das Na\u00e7\u00f5es Unidas (UNFPA) no Brasil e a Abrasel\/DF assinaram Memorando de Entendimento para atua\u00e7\u00e3o conjunta em a\u00e7\u00f5es voltadas \u00e0 preven\u00e7\u00e3o e ao enfrentamento \u00e0 viol\u00eancia baseada em g\u00eanero e a pr\u00e1ticas nocivas contra mulheres e meninas.<\/span><\/p>\n<p><span style=\"font-size: large\">O acordo prev\u00ea treinamento e conscientiza\u00e7\u00e3o de funcion\u00e1rios de bares e restaurantes para reconhecer e lidar com situa\u00e7\u00f5es de viol\u00eancia e promover ambientes seguros e respeitosos.<\/span><\/p>\n<p class=\"p1\"><span class=\"s1\">&#8220;Combater a viol\u00eancia de g\u00eanero \u00e9 uma agenda priorit\u00e1ria para o UNFPA, e o compromisso celebrado com a Abrasel DF amplia parcerias para que possamos pensar em estrat\u00e9gias de prote\u00e7\u00e3o de meninas e mulheres em todos os espa\u00e7os&#8221;, ressaltou Florbela Fernandes, representante do UNFPA no Brasil e Diretora de Pa\u00eds para Uruguai e Paraguai.<\/span><\/p>\n<p class=\"p1\"><span class=\"s1\">Em dezembro de 2023, foi sancionado o protocolo &#8220;N\u00e3o \u00e9 N\u00e3o&#8221;, da lei 14.786, de 2023, que determina e orienta a<span class=\"Apple-converted-space\">\u00a0<\/span>prote\u00e7\u00e3o e o atendimento em casos de viol\u00eancia contra a mulher em locais de entretenimento onde haja venda de bebidas alco\u00f3licas. <\/span><\/p>\n<p class=\"p1\"><span class=\"s1\">Para o presidente da Abrasel-DF, Beto Pinheiro, o acordo representa um passo importante para engajar o setor nessa pauta. \u201cVamos nos empenhar para que os n\u00fameros e indicadores de viol\u00eancia contra a mulher\u00a0<\/span><\/p>\n","protected":false},"excerpt":{"rendered":"<p>Por Samanta Sallum\u00a0 O Fundo de Popula\u00e7\u00e3o das Na\u00e7\u00f5es Unidas (UNFPA) no Brasil e a Abrasel\/DF assinaram Memorando de Entendimento para atua\u00e7\u00e3o conjunta em a\u00e7\u00f5es voltadas \u00e0 preven\u00e7\u00e3o e ao enfrentamento \u00e0 viol\u00eancia baseada em g\u00eanero e a pr\u00e1ticas nocivas contra mulheres e meninas. O acordo prev\u00ea treinamento e conscientiza\u00e7\u00e3o de funcion\u00e1rios de bares e restaurantes para reconhecer e lidar [&hellip;]<\/p>\n","protected":false},"author":125,"featured_media":15438,"comment_status":"open","ping_status":"open","sticky":false,"template":"","format":"standard","meta":{"footnotes":""},"categories":[6],"tags":[2099,2100,2097,2098],"class_list":["post-15412","post","type-post","status-publish","format-standard","has-post-thumbnail","hentry","category-coluna-capital-s-a","tag-mulher","tag-naoenao","tag-prevencao","tag-protecao"],"_links":{"self":[{"href":"https:\/\/blogs.correiobraziliense.com.br\/capital-sa\/wp-json\/wp\/v2\/posts\/15412","targetHints":{"allow":["GET"]}}],"collection":[{"href":"https:\/\/blogs.correiobraziliense.com.br\/capital-sa\/wp-json\/wp\/v2\/posts"}],"about":[{"href":"https:\/\/blogs.correiobraziliense.com.br\/capital-sa\/wp-json\/wp\/v2\/types\/post"}],"author":[{"embeddable":true,"href":"https:\/\/blogs.correiobraziliense.com.br\/capital-sa\/wp-json\/wp\/v2\/users\/125"}],"replies":[{"embeddable":true,"href":"https:\/\/blogs.correiobraziliense.com.br\/capital-sa\/wp-json\/wp\/v2\/comments?post=15412"}],"version-history":[{"count":8,"href":"https:\/\/blogs.correiobraziliense.com.br\/capital-sa\/wp-json\/wp\/v2\/posts\/15412\/revisions"}],"predecessor-version":[{"id":15447,"href":"https:\/\/blogs.correiobraziliense.com.br\/capital-sa\/wp-json\/wp\/v2\/posts\/15412\/revisions\/15447"}],"wp:featuredmedia":[{"embeddable":true,"href":"https:\/\/blogs.correiobraziliense.com.br\/capital-sa\/wp-json\/wp\/v2\/media\/15438"}],"wp:attachment":[{"href":"https:\/\/blogs.correiobraziliense.com.br\/capital-sa\/wp-json\/wp\/v2\/media?parent=15412"}],"wp:term":[{"taxonomy":"category","embeddable":true,"href":"https:\/\/blogs.correiobraziliense.com.br\/capital-sa\/wp-json\/wp\/v2\/categories?post=15412"},{"taxonomy":"post_tag","embeddable":true,"href":"https:\/\/blogs.correiobraziliense.com.br\/capital-sa\/wp-json\/wp\/v2\/tags?post=15412"}],"curies":[{"name":"wp","href":"https:\/\/api.w.org\/{rel}","templated":true}]}}