{"id":154,"date":"2020-10-13T08:41:04","date_gmt":"2020-10-13T11:41:04","guid":{"rendered":"https:\/\/blogs.correiobraziliense.com.br\/capital-sa\/?p=154"},"modified":"2020-10-13T08:58:26","modified_gmt":"2020-10-13T11:58:26","slug":"df-sobe-no-ranking-de-inovacao-na-industria","status":"publish","type":"post","link":"https:\/\/blogs.correiobraziliense.com.br\/capital-sa\/2020\/10\/13\/df-sobe-no-ranking-de-inovacao-na-industria\/","title":{"rendered":"DF sobe no ranking de inova\u00e7\u00e3o na ind\u00fastria"},"content":{"rendered":"<p><strong><em>&#8220;Uma pessoa que nunca cometeu um erro nunca tentou algo de novo&#8221;<\/em><\/strong><br \/>\n<strong><em>Albert Einstein, f\u00edsico alem\u00e3o, autor da Teoria da Relatividade<\/em><\/strong><\/p>\n<p>O Distrito Federal est\u00e1 na 5\u00aa coloca\u00e7\u00e3o no \u00cdndice de Inova\u00e7\u00e3o dos Estados 2020. Cresceu em rela\u00e7\u00e3o ao ano anterior, quando estava em 7\u00ba lugar. Entre os estados da regi\u00e3o Centro-Oeste, ocupa a lideran\u00e7a. No indicador Capital Humano: P\u00f3s-Gradua\u00e7\u00e3o, \u00e9 o 1\u00ba do Brasil. No cen\u00e1rio nacional, tamb\u00e9m se destaca em Infraestrutura de Inova\u00e7\u00e3o, Inser\u00e7\u00e3o de Mestres e Doutores na Ind\u00fastria, Produ\u00e7\u00e3o Cient\u00edfica, Intensidade Tecnol\u00f3gica e Propriedade Intelectual. Em todos estes pontos, encontra-se entre os 10 primeiros colocados do Brasil.<\/p>\n<p><strong>Entraves em competitividade<\/strong><\/p>\n<p>A pesquisa, realizada pelo Observat\u00f3rio da Ind\u00fastria da Federa\u00e7\u00e3o das Ind\u00fastrias do Cear\u00e1 (FIEC), avalia diversos indicadores para fechar o \u00edndice de cada estado.<\/p>\n<p>Os maiores entraves, no entanto, para a inova\u00e7\u00e3o no DF, atualmente s\u00e3o Competitividade Global e Investimento P\u00fablico em Ci\u00eancia e Tecnologia. A pauta exportadora do DF ainda \u00e9 um pouco concentrada em produtos de baixo valor agregado, bem como h\u00e1 pouca diversifica\u00e7\u00e3o.<\/p>\n<p><strong>Internacional<\/strong><\/p>\n<p>O \u00edndice FiEC oferece subs\u00eddio internacional para o desenvolvimento de pol\u00edticas p\u00fablicas que fomentem um ecossistema inovador no Brasil. S\u00e3o Paulo lidera o ranking.<\/p>\n<h3>Vestido de Chita, estouro em vendas<\/h3>\n<figure id=\"attachment_156\" aria-describedby=\"caption-attachment-156\" style=\"width: 800px\" class=\"wp-caption alignleft\"><a href=\"https:\/\/blogs.correiobraziliense.com.br\/capital-sa\/wp-content\/uploads\/sites\/59\/2020\/10\/CBNFOT121020202721.jpg\"><img loading=\"lazy\" decoding=\"async\" class=\"size-full wp-image-156\" src=\"https:\/\/blogs.correiobraziliense.com.br\/capital-sa\/wp-content\/uploads\/sites\/59\/2020\/10\/CBNFOT121020202721.jpg\" alt=\"\" width=\"800\" height=\"533\" srcset=\"https:\/\/blogs.correiobraziliense.com.br\/capital-sa\/wp-content\/uploads\/sites\/59\/2020\/10\/CBNFOT121020202721.jpg 800w, https:\/\/blogs.correiobraziliense.com.br\/capital-sa\/wp-content\/uploads\/sites\/59\/2020\/10\/CBNFOT121020202721-300x200.jpg 300w, https:\/\/blogs.correiobraziliense.com.br\/capital-sa\/wp-content\/uploads\/sites\/59\/2020\/10\/CBNFOT121020202721-768x512.jpg 768w, https:\/\/blogs.correiobraziliense.com.br\/capital-sa\/wp-content\/uploads\/sites\/59\/2020\/10\/CBNFOT121020202721-550x366.jpg 550w, https:\/\/blogs.correiobraziliense.com.br\/capital-sa\/wp-content\/uploads\/sites\/59\/2020\/10\/CBNFOT121020202721-230x153.jpg 230w\" sizes=\"auto, (max-width: 800px) 100vw, 800px\" \/><\/a><figcaption id=\"caption-attachment-156\" class=\"wp-caption-text\">Cr\u00e9dito: Sebrae DF\/Divulga\u00e7\u00e3o<\/figcaption><\/figure>\n<p>As primeiras pe\u00e7as da marca Vestido de Chita foram expostas e vendidas num porta-malas de carro. Sucesso r\u00e1pido que fez o neg\u00f3cio precisar se estruturar. Virar uma empresa.<\/p>\n<p>\u201cComo era o meu sonho, persisti\u201d, relembra Milena Lopes, criadora da marca.<\/p>\n<p>A Vestido de Chita ganhou as redes sociais e a empres\u00e1ria resolveu alugar o subsolo de um pr\u00e9dio no Sudoeste para fazer um showroom e realizar atendimentos agendados. Mas, logo foi necess\u00e1rio ampliar e abrir uma loja maior.<\/p>\n<p><strong>M\u00e1scaras e pijamas<\/strong><\/p>\n<p>Com a pandemia, muitas d\u00favidas surgiram sobre as novas oportunidades para o neg\u00f3cio. Ela venceu o medo e a ang\u00fastia. A marca que, at\u00e9 ent\u00e3o, s\u00f3 produzia vestidos e macac\u00f5es, passou a diversificar. Apostou nas m\u00e1scaras e, depois, nos pijamas.<\/p>\n<p>\u201cPercebi que as pessoas estavam buscando roupas mais confort\u00e1veis. Ent\u00e3o, pensei em modelar pijamas estilo americano para testar\u201d, explica.<\/p>\n<p>Deu certo. Ela vendeu todo o estoque em apenas dois dias e agosto foi o melhor m\u00eas de vendas da Vestido de Chita nos \u00faltimos 20 meses. A empres\u00e1ria est\u00e1 h\u00e1 cinco anos no mercado da moda com seu pr\u00f3prio neg\u00f3cio. Durante esse tempo, sempre buscou o apoio do Sebrae- DF.<\/p>\n<h3>Em giro<\/h3>\n<p><strong>Empresas em a\u00e7\u00e3o social<\/strong><\/p>\n<p>As grandes empresas no Brasil e no DF, apesar da crise, continuam a investir nas a\u00e7\u00f5es de capacita\u00e7\u00e3o profissional e mais ainda nas a\u00e7\u00f5es sociais, devido \u00e0 pandemia. O Sesc e o Senac s\u00e3o financiados com a contribui\u00e7\u00e3o de apenas 3,5% das empresas no pa\u00eds. As de maior porte que devem contribuir. Uma forma de redistribui\u00e7\u00e3o de renda e aten\u00e7\u00e3o a setores menos favorecidos da popula\u00e7\u00e3o.<\/p>\n<p><strong>Sesc na Estrutural<\/strong><\/p>\n<p>O Sesc DF inicia amanh\u00e3 mais uma dessas iniciativas. Depois de oferecer m\u00e1scaras e testes de detec\u00e7\u00e3o de covid em regi\u00f5es mais vulner\u00e1veis, come\u00e7a, amanh\u00e3, pela Estrutural, mais uma iniciativa. Oferecer refor\u00e7o alimentar com a distribui\u00e7\u00e3o de sopas, tr\u00eas vezes por semana, em regi\u00f5es carentes.<\/p>\n<p><strong>Start Bsb<\/strong><\/p>\n<figure id=\"attachment_157\" aria-describedby=\"caption-attachment-157\" style=\"width: 800px\" class=\"wp-caption aligncenter\"><a href=\"https:\/\/blogs.correiobraziliense.com.br\/capital-sa\/wp-content\/uploads\/sites\/59\/2020\/10\/CBNFOT300920203991.jpg\"><img loading=\"lazy\" decoding=\"async\" class=\"size-full wp-image-157\" src=\"https:\/\/blogs.correiobraziliense.com.br\/capital-sa\/wp-content\/uploads\/sites\/59\/2020\/10\/CBNFOT300920203991.jpg\" alt=\"\" width=\"800\" height=\"571\" srcset=\"https:\/\/blogs.correiobraziliense.com.br\/capital-sa\/wp-content\/uploads\/sites\/59\/2020\/10\/CBNFOT300920203991.jpg 800w, https:\/\/blogs.correiobraziliense.com.br\/capital-sa\/wp-content\/uploads\/sites\/59\/2020\/10\/CBNFOT300920203991-300x214.jpg 300w, https:\/\/blogs.correiobraziliense.com.br\/capital-sa\/wp-content\/uploads\/sites\/59\/2020\/10\/CBNFOT300920203991-768x548.jpg 768w, https:\/\/blogs.correiobraziliense.com.br\/capital-sa\/wp-content\/uploads\/sites\/59\/2020\/10\/CBNFOT300920203991-550x393.jpg 550w, https:\/\/blogs.correiobraziliense.com.br\/capital-sa\/wp-content\/uploads\/sites\/59\/2020\/10\/CBNFOT300920203991-230x164.jpg 230w\" sizes=\"auto, (max-width: 800px) 100vw, 800px\" \/><\/a><figcaption id=\"caption-attachment-157\" class=\"wp-caption-text\">Cr\u00e9dito: Divulga\u00e7\u00e3o<\/figcaption><\/figure>\n<p>\u00daltimos dias de inscri\u00e7\u00e3o para o Start Bsb, programa de apoio a projetos inovadores. Ser\u00e3o selecionadas 50 propostas, que poder\u00e3o ser contempladas com at\u00e9 R$ 70 mil , R$ 42 mil em bolsas de apoio, networking, capacita\u00e7\u00f5es e suporte para acelerar o neg\u00f3cio. A iniciativa \u00e9 da Secretaria de Ci\u00eancia, Tecnologia e Inova\u00e7\u00e3o e da Funda\u00e7\u00e3o de Apoio \u00e0 Pesquisa (FAPDF). Inscri\u00e7\u00f5es at\u00e9 quinta-feira pelo site: programastartbsb.com.br.<\/p>\n","protected":false},"excerpt":{"rendered":"<p>&#8220;Uma pessoa que nunca cometeu um erro nunca tentou algo de novo&#8221; Albert Einstein, f\u00edsico alem\u00e3o, autor da Teoria da Relatividade O Distrito Federal est\u00e1 na 5\u00aa coloca\u00e7\u00e3o no \u00cdndice de Inova\u00e7\u00e3o dos Estados 2020. Cresceu em rela\u00e7\u00e3o ao ano anterior, quando estava em 7\u00ba lugar. Entre os estados da regi\u00e3o Centro-Oeste, ocupa a lideran\u00e7a. No indicador Capital Humano: P\u00f3s-Gradua\u00e7\u00e3o, [&hellip;]<\/p>\n","protected":false},"author":125,"featured_media":159,"comment_status":"open","ping_status":"open","sticky":false,"template":"","format":"standard","meta":{"footnotes":""},"categories":[6],"tags":[60,55,62,61],"class_list":["post-154","post","type-post","status-publish","format-standard","has-post-thumbnail","hentry","category-coluna-capital-s-a","tag-industria","tag-moda","tag-sesc","tag-vestido-de-chita"],"_links":{"self":[{"href":"https:\/\/blogs.correiobraziliense.com.br\/capital-sa\/wp-json\/wp\/v2\/posts\/154","targetHints":{"allow":["GET"]}}],"collection":[{"href":"https:\/\/blogs.correiobraziliense.com.br\/capital-sa\/wp-json\/wp\/v2\/posts"}],"about":[{"href":"https:\/\/blogs.correiobraziliense.com.br\/capital-sa\/wp-json\/wp\/v2\/types\/post"}],"author":[{"embeddable":true,"href":"https:\/\/blogs.correiobraziliense.com.br\/capital-sa\/wp-json\/wp\/v2\/users\/125"}],"replies":[{"embeddable":true,"href":"https:\/\/blogs.correiobraziliense.com.br\/capital-sa\/wp-json\/wp\/v2\/comments?post=154"}],"version-history":[{"count":2,"href":"https:\/\/blogs.correiobraziliense.com.br\/capital-sa\/wp-json\/wp\/v2\/posts\/154\/revisions"}],"predecessor-version":[{"id":160,"href":"https:\/\/blogs.correiobraziliense.com.br\/capital-sa\/wp-json\/wp\/v2\/posts\/154\/revisions\/160"}],"wp:featuredmedia":[{"embeddable":true,"href":"https:\/\/blogs.correiobraziliense.com.br\/capital-sa\/wp-json\/wp\/v2\/media\/159"}],"wp:attachment":[{"href":"https:\/\/blogs.correiobraziliense.com.br\/capital-sa\/wp-json\/wp\/v2\/media?parent=154"}],"wp:term":[{"taxonomy":"category","embeddable":true,"href":"https:\/\/blogs.correiobraziliense.com.br\/capital-sa\/wp-json\/wp\/v2\/categories?post=154"},{"taxonomy":"post_tag","embeddable":true,"href":"https:\/\/blogs.correiobraziliense.com.br\/capital-sa\/wp-json\/wp\/v2\/tags?post=154"}],"curies":[{"name":"wp","href":"https:\/\/api.w.org\/{rel}","templated":true}]}}