{"id":15397,"date":"2024-02-06T08:54:59","date_gmt":"2024-02-06T11:54:59","guid":{"rendered":"https:\/\/blogs.correiobraziliense.com.br\/capital-sa\/?p=15397"},"modified":"2024-02-07T07:38:05","modified_gmt":"2024-02-07T10:38:05","slug":"trade-de-turismo-do-df-apoia-retirada-das-grades-dos-predios-publicos","status":"publish","type":"post","link":"https:\/\/blogs.correiobraziliense.com.br\/capital-sa\/2024\/02\/06\/trade-de-turismo-do-df-apoia-retirada-das-grades-dos-predios-publicos\/","title":{"rendered":"Trade de turismo do DF apoia retirada das grades dos pr\u00e9dios p\u00fablicos"},"content":{"rendered":"<p class=\"p1\"><span class=\"s1\"><b>Por Samanta Sallum <\/b><\/span><\/p>\n<p class=\"p1\"><span class=\"s1\">Foi bastante comemorada pelo setor de turismo do DF a retirada das grades do STF.<span class=\"Apple-converted-space\">\u00a0 <\/span>Era uma demanda antiga da c\u00e2mara de turismo da FECOM\u00c9RCIO\/DF para as autoridades federais.<span class=\"Apple-converted-space\">\u00a0 <\/span>A prote\u00e7\u00e3o tinha sido colocada em 2013.<\/span><\/p>\n<p class=\"p1\"><span class=\"s1\">O Congresso Nacional e o Pal\u00e1cio do Planalto j\u00e1 haviam removido as grades em maio do ano passado. O presidente Lula puxou a iniciativa.<\/span><\/p>\n<p class=\"p1\"><span class=\"s1\">\u201cFizemos v\u00e1rios pedidos para que isso acontecesse. Bras\u00edlia \u00e9 Patrim\u00f4nio da Humanidade e possui t\u00edtulo de cidade criativa do design, ambos concedidos pela Unesco. N\u00e3o podemos ir contra isso, impedindo que brasileiros e estrangeiros visitem esses pontos tur\u00edsticos\u201d, refor\u00e7ou Octavio Neves, ex-secret\u00e1rio de Turismo do DF e coordenador da c\u00e2mara do setor na FECOM\u00c9RCIO.\u00a0<\/span><\/p>\n","protected":false},"excerpt":{"rendered":"<p>Por Samanta Sallum Foi bastante comemorada pelo setor de turismo do DF a retirada das grades do STF.\u00a0 Era uma demanda antiga da c\u00e2mara de turismo da FECOM\u00c9RCIO\/DF para as autoridades federais.\u00a0 A prote\u00e7\u00e3o tinha sido colocada em 2013. O Congresso Nacional e o Pal\u00e1cio do Planalto j\u00e1 haviam removido as grades em maio do ano passado. O presidente Lula [&hellip;]<\/p>\n","protected":false},"author":125,"featured_media":15428,"comment_status":"open","ping_status":"open","sticky":false,"template":"","format":"standard","meta":{"footnotes":""},"categories":[6],"tags":[2102,1306,333],"class_list":["post-15397","post","type-post","status-publish","format-standard","has-post-thumbnail","hentry","category-coluna-capital-s-a","tag-humanidade","tag-patrimonio","tag-turismo"],"_links":{"self":[{"href":"https:\/\/blogs.correiobraziliense.com.br\/capital-sa\/wp-json\/wp\/v2\/posts\/15397","targetHints":{"allow":["GET"]}}],"collection":[{"href":"https:\/\/blogs.correiobraziliense.com.br\/capital-sa\/wp-json\/wp\/v2\/posts"}],"about":[{"href":"https:\/\/blogs.correiobraziliense.com.br\/capital-sa\/wp-json\/wp\/v2\/types\/post"}],"author":[{"embeddable":true,"href":"https:\/\/blogs.correiobraziliense.com.br\/capital-sa\/wp-json\/wp\/v2\/users\/125"}],"replies":[{"embeddable":true,"href":"https:\/\/blogs.correiobraziliense.com.br\/capital-sa\/wp-json\/wp\/v2\/comments?post=15397"}],"version-history":[{"count":3,"href":"https:\/\/blogs.correiobraziliense.com.br\/capital-sa\/wp-json\/wp\/v2\/posts\/15397\/revisions"}],"predecessor-version":[{"id":15427,"href":"https:\/\/blogs.correiobraziliense.com.br\/capital-sa\/wp-json\/wp\/v2\/posts\/15397\/revisions\/15427"}],"wp:featuredmedia":[{"embeddable":true,"href":"https:\/\/blogs.correiobraziliense.com.br\/capital-sa\/wp-json\/wp\/v2\/media\/15428"}],"wp:attachment":[{"href":"https:\/\/blogs.correiobraziliense.com.br\/capital-sa\/wp-json\/wp\/v2\/media?parent=15397"}],"wp:term":[{"taxonomy":"category","embeddable":true,"href":"https:\/\/blogs.correiobraziliense.com.br\/capital-sa\/wp-json\/wp\/v2\/categories?post=15397"},{"taxonomy":"post_tag","embeddable":true,"href":"https:\/\/blogs.correiobraziliense.com.br\/capital-sa\/wp-json\/wp\/v2\/tags?post=15397"}],"curies":[{"name":"wp","href":"https:\/\/api.w.org\/{rel}","templated":true}]}}