{"id":15389,"date":"2024-02-01T17:15:30","date_gmt":"2024-02-01T20:15:30","guid":{"rendered":"https:\/\/blogs.correiobraziliense.com.br\/capital-sa\/?p=15389"},"modified":"2024-02-02T18:16:12","modified_gmt":"2024-02-02T21:16:12","slug":"como-funcionara-o-comercio-do-df-no-carnaval","status":"publish","type":"post","link":"https:\/\/blogs.correiobraziliense.com.br\/capital-sa\/2024\/02\/01\/como-funcionara-o-comercio-do-df-no-carnaval\/","title":{"rendered":"Como funcionar\u00e1 o com\u00e9rcio do DF no carnaval"},"content":{"rendered":"<p class=\"p1\"><span class=\"s1\"><b>Por Samanta Sallum <\/b><\/span><\/p>\n<p class=\"p1\"><span class=\"s1\">Estabelecimentos comerciais de shoppings e de rua do Distrito Federal funcionar\u00e3o s\u00e1bado, domingo e segunda-feira de carnaval, mas estar\u00e3o fechados na ter\u00e7a-feira (13). A informa\u00e7\u00e3o \u00e9 do Sindicato do Com\u00e9rcio Varejista \u2013 Sindivarejista. Acrescenta que, de acordo com a Conven\u00e7\u00e3o Coletiva de Trabalho (CCT) vigente, os trabalhadores do setor poder\u00e3o trabalhar no per\u00edodo da seguinte forma:<\/span><\/p>\n<p class=\"p1\"><span class=\"s1\">O funcion\u00e1rio que laborar dia 11 (domingo) n\u00e3o poder\u00e1 trabalhar no dia 14 (quarta-feira). J\u00e1 o que<span class=\"Apple-converted-space\">\u00a0<\/span>folgar no dia 11 (domingo) poder\u00e1 trabalhar no dia 14 (quarta-feira).<\/span><\/p>\n<p class=\"p1\"><span class=\"s1\">A jornada de trabalho do domingo (11) ser\u00e1 de oito horas, observando o disposto na Cl\u00e1usula 29\u00aa da CCT, quanto \u00e0 remunera\u00e7\u00e3o e demais benef\u00edcios.<\/span><\/p>\n<p class=\"p1\"><span class=\"s1\">Na quarta-feira (14), n\u00e3o tendo o empregado trabalhado no domingo e iniciando a jornada no per\u00edodo matutino, ele poder\u00e1 ter uma jornada de oito horas, quando ent\u00e3o ser\u00e1 devido o acr\u00e9scimo de 50% do dia trabalhado, e o pagamento de vale alimenta\u00e7\u00e3o de R$ 24,50, conforme previsto no par\u00e1grafo segundo da Cl\u00e1usula 45\u00aa da CCT. Iniciando o trabalho na quarta, ap\u00f3s as 12 horas, n\u00e3o ser\u00e1 devido nenhum acr\u00e9scimo.<\/span><\/p>\n<p class=\"p1\"><span class=\"s1\"><b>Dia do comerci\u00e1rio <\/b><\/span><\/p>\n<p class=\"p1\"><span class=\"s1\">Na segunda-feira (12), o trabalho poder\u00e1 ser normal, entretanto observando as regras para o dia de feriado. Dia 13, ter\u00e7a-feira, ser\u00e1 comemorado Dia do Comerci\u00e1rio, sendo expressamente proibido o trabalho neste dia.<\/span><\/p>\n<p class=\"p1\"><span class=\"s1\"><b>Certificado de<span class=\"Apple-converted-space\">\u00a0 <\/span>abertura <\/b><\/span><\/p>\n<p class=\"p1\"><span class=\"s1\">O presidente do Sindivarejista, Sebasti\u00e3o Abritta refor\u00e7a que os empres\u00e1rios do varejo que desejam abrir seu com\u00e9rcio no carnaval que dever\u00e3o obter o Certificado de Abertura aos Domingos e Feriados, evitando multas.<\/span><\/p>\n<p class=\"p1\"><span class=\"s1\">\u201cOs desfiles, blocos e os bailes nos clubes v\u00e3o garantir o sucesso do carnaval e bom movimento no com\u00e9rcio brasiliense.<\/span><\/p>\n<p class=\"p1\"><span class=\"s1\">O Sindivarejista e o Sindicato dos Empregados no Com\u00e9rcio s\u00e3o as duas \u00fanicas entidades que regulam o hor\u00e1rio de trabalho dos empregados do setor em datas especiais como domingos e feriados, possibilitando a abertura e funcionamento do com\u00e9rcio nestes dias\u201d, comenta Abritta.<\/span><\/p>\n","protected":false},"excerpt":{"rendered":"<p>Por Samanta Sallum Estabelecimentos comerciais de shoppings e de rua do Distrito Federal funcionar\u00e3o s\u00e1bado, domingo e segunda-feira de carnaval, mas estar\u00e3o fechados na ter\u00e7a-feira (13). A informa\u00e7\u00e3o \u00e9 do Sindicato do Com\u00e9rcio Varejista \u2013 Sindivarejista. Acrescenta que, de acordo com a Conven\u00e7\u00e3o Coletiva de Trabalho (CCT) vigente, os trabalhadores do setor poder\u00e3o trabalhar no per\u00edodo da seguinte forma: O [&hellip;]<\/p>\n","protected":false},"author":125,"featured_media":15394,"comment_status":"open","ping_status":"open","sticky":false,"template":"","format":"standard","meta":{"footnotes":""},"categories":[6],"tags":[],"class_list":["post-15389","post","type-post","status-publish","format-standard","has-post-thumbnail","hentry","category-coluna-capital-s-a"],"_links":{"self":[{"href":"https:\/\/blogs.correiobraziliense.com.br\/capital-sa\/wp-json\/wp\/v2\/posts\/15389","targetHints":{"allow":["GET"]}}],"collection":[{"href":"https:\/\/blogs.correiobraziliense.com.br\/capital-sa\/wp-json\/wp\/v2\/posts"}],"about":[{"href":"https:\/\/blogs.correiobraziliense.com.br\/capital-sa\/wp-json\/wp\/v2\/types\/post"}],"author":[{"embeddable":true,"href":"https:\/\/blogs.correiobraziliense.com.br\/capital-sa\/wp-json\/wp\/v2\/users\/125"}],"replies":[{"embeddable":true,"href":"https:\/\/blogs.correiobraziliense.com.br\/capital-sa\/wp-json\/wp\/v2\/comments?post=15389"}],"version-history":[{"count":5,"href":"https:\/\/blogs.correiobraziliense.com.br\/capital-sa\/wp-json\/wp\/v2\/posts\/15389\/revisions"}],"predecessor-version":[{"id":15396,"href":"https:\/\/blogs.correiobraziliense.com.br\/capital-sa\/wp-json\/wp\/v2\/posts\/15389\/revisions\/15396"}],"wp:featuredmedia":[{"embeddable":true,"href":"https:\/\/blogs.correiobraziliense.com.br\/capital-sa\/wp-json\/wp\/v2\/media\/15394"}],"wp:attachment":[{"href":"https:\/\/blogs.correiobraziliense.com.br\/capital-sa\/wp-json\/wp\/v2\/media?parent=15389"}],"wp:term":[{"taxonomy":"category","embeddable":true,"href":"https:\/\/blogs.correiobraziliense.com.br\/capital-sa\/wp-json\/wp\/v2\/categories?post=15389"},{"taxonomy":"post_tag","embeddable":true,"href":"https:\/\/blogs.correiobraziliense.com.br\/capital-sa\/wp-json\/wp\/v2\/tags?post=15389"}],"curies":[{"name":"wp","href":"https:\/\/api.w.org\/{rel}","templated":true}]}}