{"id":15317,"date":"2023-12-27T16:17:02","date_gmt":"2023-12-27T19:17:02","guid":{"rendered":"https:\/\/blogs.correiobraziliense.com.br\/capital-sa\/?p=15317"},"modified":"2023-12-27T19:48:31","modified_gmt":"2023-12-27T22:48:31","slug":"contamos-com-as-forcas-armadas-para-combater-o-crime-organizado-afirma-cappelli","status":"publish","type":"post","link":"https:\/\/blogs.correiobraziliense.com.br\/capital-sa\/2023\/12\/27\/contamos-com-as-forcas-armadas-para-combater-o-crime-organizado-afirma-cappelli\/","title":{"rendered":"\u201cContamos com as For\u00e7as Armadas para combater o crime organizado\u201d, afirma Cappelli"},"content":{"rendered":"<p><em>Ministro em exerc\u00edcio da Justi\u00e7a e Seguran\u00e7a P\u00fablica aponta import\u00e2ncia dos militares no plano federal para coibir a criminalidade.\u00a0E se prepara para evento em Bras\u00edlia, no dia 8 de janeiro, pela\u00a0<\/em><em>democracia<\/em><\/p>\n<div class=\"gmail_quote\">\n<div>\n<p><b>Por Samanta Sallum<\/b><\/p>\n<p>Com Fl\u00e1vio Dino de f\u00e9rias oficialmente do cargo de ministro de Estado e se preparando para assumir a cadeira no Supremo, Ricardo Cappelli est\u00e1 no comando do Minist\u00e9rio da Justi\u00e7a e Seguran\u00e7a P\u00fablica. Em meio aos preparativos da solenidade que marcar\u00e1 1 ano dos atos antidemocr\u00e1ticos de 8 de janeiro de 2023, o ministro em exerc\u00edcio afirmou ao <b>CB Poder,\u00a0<\/b>em entrevista exclusiva, que as For\u00e7as Armadas t\u00eam papel estrat\u00e9gico no combate ao crime orgnanizado.<\/p>\n<p>\u201cN\u00e3o significa militariza\u00e7\u00e3o da Seguran\u00e7a P\u00fablica. E, sim, uma a\u00e7\u00e3o integrada, de intelig\u00eancia, como a experi\u00eancia que est\u00e1 dando certo no Rio de Janeiro; e que poderemos expandir para outras regi\u00f5es. Seguran\u00e7a P\u00fablica n\u00e3o \u00e9 sair dando tiro a esmo na rua\u201d, frisou.<\/p>\n<p>Cappelli contou que, semanalmente, realiza reuni\u00e3o conjunta com a Pol\u00edcia\u00a0Federal, comandos do Ex\u00e9rcito, da Marinha, da Aeron\u00e1utica, a Receita Federal e a PRF. \u00a0\u201cUnindo\u00a0esses contingentes e atua\u00e7\u00f5es especializadas, temos uma gest\u00e3o mais eficiente. Temos que otimizar o que temos, pois, devido ao equil\u00edbrio fiscal do governo, n\u00e3o temos como aumentar o efetivo das pol\u00edcias em nivel federal. Ent\u00e3o, todos esses org\u00e3os que re\u00fanem servidores p\u00fablicos podem participar dessa a\u00e7\u00e3o\u201d, refor\u00e7ou.<\/p>\n<p>O bra\u00e7o direito de Fl\u00e1vio Dino\u00a0confirmou a dobradinha com o Minist\u00e9rio da Defesa. \u201cEu e o ministro M\u00facio estamos nessa atua\u00e7\u00e3o conjunta\u201d, \u00a0disse.<\/p>\n<\/div>\n<p><b>\u201cNem situa\u00e7\u00e3o e nem oposi\u00e7\u00e3o \u201c<\/b><\/p>\n<p>Sobre a rela\u00e7\u00e3o com as pol\u00edcias civil e militar dos estados e que alas estariam influenciadas pelo bolsonarismo, o ministro faz uma aposta: \u00a0\u201cEm se tratando de Seguran\u00e7a P\u00fablica, n\u00e3o tem oposi\u00e7\u00e3o e situa\u00e7\u00e3o. O nosso foco, de todos, \u00e9 combater o crime.\u201d<\/p>\n<div>\n<p>Cappelli, que foi interventor federal na Seguran\u00e7a P\u00fablica do DF, de janeiro a abril, devido ao atos de vandalismo ocorridos na Esplanada dos Minist\u00e9rios, afirmou que, apesar do epis\u00f3dio traum\u00e1tico, a situa\u00e7\u00e3o est\u00e1 superada. \u201cA nossa rela\u00e7\u00e3o com o Distrito Federal \u00e9 otima, com o atual secret\u00e1rio Sandro Avelar, que \u00e9 delegado federal. Estamos acompahnhado de perto os preparativos para o evento do pr\u00f3ximo dia\u00a08\u201d, \u00a0frisou.<\/p>\n<p>Na data, a pedido do presidente Lula, ser\u00e1 realizada solenidade no Sal\u00e3o Negro do Senado como ato de fortalecimento da democracia. Paticipar\u00e3o representantes dos Tr\u00eas Poderes, de diversas institui\u00e7\u00f5es e tamb\u00e9m de sociedade civil.<\/p>\n<\/div>\n<\/div>\n","protected":false},"excerpt":{"rendered":"<p>Ministro em exerc\u00edcio da Justi\u00e7a e Seguran\u00e7a P\u00fablica aponta import\u00e2ncia dos militares no plano federal para coibir a criminalidade.\u00a0E se prepara para evento em Bras\u00edlia, no dia 8 de janeiro, pela\u00a0democracia Por Samanta Sallum Com Fl\u00e1vio Dino de f\u00e9rias oficialmente do cargo de ministro de Estado e se preparando para assumir a cadeira no Supremo, Ricardo Cappelli est\u00e1 no comando [&hellip;]<\/p>\n","protected":false},"author":125,"featured_media":15325,"comment_status":"open","ping_status":"open","sticky":false,"template":"","format":"standard","meta":{"footnotes":""},"categories":[6],"tags":[],"class_list":["post-15317","post","type-post","status-publish","format-standard","has-post-thumbnail","hentry","category-coluna-capital-s-a"],"_links":{"self":[{"href":"https:\/\/blogs.correiobraziliense.com.br\/capital-sa\/wp-json\/wp\/v2\/posts\/15317","targetHints":{"allow":["GET"]}}],"collection":[{"href":"https:\/\/blogs.correiobraziliense.com.br\/capital-sa\/wp-json\/wp\/v2\/posts"}],"about":[{"href":"https:\/\/blogs.correiobraziliense.com.br\/capital-sa\/wp-json\/wp\/v2\/types\/post"}],"author":[{"embeddable":true,"href":"https:\/\/blogs.correiobraziliense.com.br\/capital-sa\/wp-json\/wp\/v2\/users\/125"}],"replies":[{"embeddable":true,"href":"https:\/\/blogs.correiobraziliense.com.br\/capital-sa\/wp-json\/wp\/v2\/comments?post=15317"}],"version-history":[{"count":29,"href":"https:\/\/blogs.correiobraziliense.com.br\/capital-sa\/wp-json\/wp\/v2\/posts\/15317\/revisions"}],"predecessor-version":[{"id":15347,"href":"https:\/\/blogs.correiobraziliense.com.br\/capital-sa\/wp-json\/wp\/v2\/posts\/15317\/revisions\/15347"}],"wp:featuredmedia":[{"embeddable":true,"href":"https:\/\/blogs.correiobraziliense.com.br\/capital-sa\/wp-json\/wp\/v2\/media\/15325"}],"wp:attachment":[{"href":"https:\/\/blogs.correiobraziliense.com.br\/capital-sa\/wp-json\/wp\/v2\/media?parent=15317"}],"wp:term":[{"taxonomy":"category","embeddable":true,"href":"https:\/\/blogs.correiobraziliense.com.br\/capital-sa\/wp-json\/wp\/v2\/categories?post=15317"},{"taxonomy":"post_tag","embeddable":true,"href":"https:\/\/blogs.correiobraziliense.com.br\/capital-sa\/wp-json\/wp\/v2\/tags?post=15317"}],"curies":[{"name":"wp","href":"https:\/\/api.w.org\/{rel}","templated":true}]}}