{"id":15260,"date":"2023-12-06T14:50:48","date_gmt":"2023-12-06T17:50:48","guid":{"rendered":"https:\/\/blogs.correiobraziliense.com.br\/capital-sa\/?p=15260"},"modified":"2023-12-06T14:51:52","modified_gmt":"2023-12-06T17:51:52","slug":"pequenos-negocios-entram-na-meta-da-economia-de-baixo-carbono","status":"publish","type":"post","link":"https:\/\/blogs.correiobraziliense.com.br\/capital-sa\/2023\/12\/06\/pequenos-negocios-entram-na-meta-da-economia-de-baixo-carbono\/","title":{"rendered":"Pequenos neg\u00f3cios entram na meta da economia de baixo carbono"},"content":{"rendered":"<p class=\"p1\"><b>Por Samanta Sallum\u00a0<\/b><\/p>\n<p class=\"p1\"><span class=\"s1\">O Sebrae nacional integra a agenda do governo federal na COP28, em Dubai, com representantes de todo o mundo. A entidade se apresenta como estrat\u00e9gica no tema<span class=\"Apple-converted-space\">\u00a0 <\/span>por representar cerca de 15 milh\u00f5es de pequenos neg\u00f3cios no Brasil. O segmento deve cumprir um papel fundamental na redu\u00e7\u00e3o de emiss\u00f5es de gases de efeito estufa e na implementa\u00e7\u00e3o de pr\u00e1ticas mais sustent\u00e1veis.<br \/>\n<\/span><\/p>\n<p class=\"p1\"><span class=\"s1\">Os pequenos neg\u00f3cios representam 95% das empresas do pa\u00eds e contribuem com aproximadamente 30% do PIB.<\/span><\/p>\n<p class=\"p1\"><span class=\"s1\"><b>Mudan\u00e7a de matriz<\/b><\/span><\/p>\n<p class=\"p1\"><span class=\"s1\">\u201cO presidente Lula, como l\u00edder do Sul Global, lan\u00e7ou desafio ao mundo para mudar a matriz energ\u00e9tica e ressaltou que o Brasil \u00e9 o pa\u00eds com maior potencial para fazer esta transi\u00e7\u00e3o para energia verde. Por isso, os empreendedores do nosso segmento s\u00e3o essenciais na meta do governo Federal da economia de baixo carbono e desmatamento zero\u201d, destacou o presidente do Sebrae, D\u00e9cio Lima.<\/span><\/p>\n<p class=\"p1\"><span class=\"s1\"><b>Polos de refer\u00eancia <\/b><\/span><\/p>\n<p class=\"p1\"><span class=\"s1\">O Sebrae possui cinco polos de refer\u00eancia no pa\u00eds que abordam o tema energia, sustentabilidade e bioeconomia para os pequenos neg\u00f3cios: Polo de Energias Renov\u00e1veis (Rio Grande do Norte), Polo de \u00d3leo e G\u00e1s Onshore (Bahia), Polo de \u00d3leo e G\u00e1s Offshore (Rio de Janeiro), o Centro Sebrae Sustentabilidade (Mato Grosso), e o Polo de Bioceconomia (Par\u00e1).<\/span><\/p>\n","protected":false},"excerpt":{"rendered":"<p>Por Samanta Sallum\u00a0 O Sebrae nacional integra a agenda do governo federal na COP28, em Dubai, com representantes de todo o mundo. A entidade se apresenta como estrat\u00e9gica no tema\u00a0 por representar cerca de 15 milh\u00f5es de pequenos neg\u00f3cios no Brasil. O segmento deve cumprir um papel fundamental na redu\u00e7\u00e3o de emiss\u00f5es de gases de efeito estufa e na implementa\u00e7\u00e3o [&hellip;]<\/p>\n","protected":false},"author":125,"featured_media":15263,"comment_status":"open","ping_status":"open","sticky":false,"template":"","format":"standard","meta":{"footnotes":""},"categories":[6],"tags":[],"class_list":["post-15260","post","type-post","status-publish","format-standard","has-post-thumbnail","hentry","category-coluna-capital-s-a"],"_links":{"self":[{"href":"https:\/\/blogs.correiobraziliense.com.br\/capital-sa\/wp-json\/wp\/v2\/posts\/15260","targetHints":{"allow":["GET"]}}],"collection":[{"href":"https:\/\/blogs.correiobraziliense.com.br\/capital-sa\/wp-json\/wp\/v2\/posts"}],"about":[{"href":"https:\/\/blogs.correiobraziliense.com.br\/capital-sa\/wp-json\/wp\/v2\/types\/post"}],"author":[{"embeddable":true,"href":"https:\/\/blogs.correiobraziliense.com.br\/capital-sa\/wp-json\/wp\/v2\/users\/125"}],"replies":[{"embeddable":true,"href":"https:\/\/blogs.correiobraziliense.com.br\/capital-sa\/wp-json\/wp\/v2\/comments?post=15260"}],"version-history":[{"count":3,"href":"https:\/\/blogs.correiobraziliense.com.br\/capital-sa\/wp-json\/wp\/v2\/posts\/15260\/revisions"}],"predecessor-version":[{"id":15264,"href":"https:\/\/blogs.correiobraziliense.com.br\/capital-sa\/wp-json\/wp\/v2\/posts\/15260\/revisions\/15264"}],"wp:featuredmedia":[{"embeddable":true,"href":"https:\/\/blogs.correiobraziliense.com.br\/capital-sa\/wp-json\/wp\/v2\/media\/15263"}],"wp:attachment":[{"href":"https:\/\/blogs.correiobraziliense.com.br\/capital-sa\/wp-json\/wp\/v2\/media?parent=15260"}],"wp:term":[{"taxonomy":"category","embeddable":true,"href":"https:\/\/blogs.correiobraziliense.com.br\/capital-sa\/wp-json\/wp\/v2\/categories?post=15260"},{"taxonomy":"post_tag","embeddable":true,"href":"https:\/\/blogs.correiobraziliense.com.br\/capital-sa\/wp-json\/wp\/v2\/tags?post=15260"}],"curies":[{"name":"wp","href":"https:\/\/api.w.org\/{rel}","templated":true}]}}