{"id":15185,"date":"2023-11-28T13:02:02","date_gmt":"2023-11-28T16:02:02","guid":{"rendered":"https:\/\/blogs.correiobraziliense.com.br\/capital-sa\/?p=15185"},"modified":"2023-11-28T13:02:02","modified_gmt":"2023-11-28T16:02:02","slug":"industria-brasileira-vai-a-cop28-apresentando-resultados-em-sustentabilidade","status":"publish","type":"post","link":"https:\/\/blogs.correiobraziliense.com.br\/capital-sa\/2023\/11\/28\/industria-brasileira-vai-a-cop28-apresentando-resultados-em-sustentabilidade\/","title":{"rendered":"Ind\u00fastria brasileira vai \u00e0 COP28 apresentando resultados em sustentabilidade"},"content":{"rendered":"<p><i>Pesquisa nacional com empresas aponta que 86% t\u00eam a\u00e7\u00f5es para otimizar o consumo de energia\u00a0<\/i><\/p>\n<p><b>Por Samanta Sallum\u00a0<\/b><\/p>\n<p class=\"p1\">O Brasil chega \u00e0 confer\u00eancia do clima da ONU, a COP28, em Dubai, para mostrar que pode ser refer\u00eancia em a\u00e7\u00f5es de sustentabilidade. A ind\u00fastria brasileira levantou\u00a0dados\u00a0para subsidiar a participa\u00e7\u00e3o\u00a0 brasileira. Pesquisa da Confedera\u00e7\u00e3o Nacional da Ind\u00fastria (CNI) com empres\u00e1rios de todo o pa\u00eds revela que nove em cada dez empresas industriais (89%) adotam medidas para reduzir a gera\u00e7\u00e3o de res\u00edduos s\u00f3lidos. J\u00e1 86% t\u00eam a\u00e7\u00f5es para otimizar o consumo de energia, enquanto 83% implementam medidas para economizar o uso de \u00e1gua.<\/p>\n<p class=\"p1\"><span class=\"s1\"><b>Cimento e alum\u00ednio <\/b><\/span><\/p>\n<p class=\"p1\"><span class=\"s1\">\u201cNossa ind\u00fastria, principalmente aquela intensiva em uso de energia, como a do cimento\u00a0<\/span>\u00e9 um bom exemplo. As emiss\u00f5es de gases de efeito estufa dos fabricantes de cimento instalados no pa\u00eds s\u00e3o 10% menores do que a m\u00e9dia mundial. No setor do alum\u00ednio, cerca de 60% de todo material consumido no pa\u00eds \u00e9 reciclado\u201d, aponta Ricardo Alban, presidente da CNI. Ele tamb\u00e9m participa da miss\u00e3o brasileira na Confer\u00eancia.<\/p>\n<p class=\"p1\"><span class=\"s1\">A comitiva brasileira, liderada\u00a0<\/span>pelo presidente Luiz In\u00e1cio Lula da Silva (PT), ter\u00e1 12 ministros de estado, dentre eles a ministra do Meio Ambiente, Marina Silva e o ministro da Fazenda, Fernando Haddad.\u00a0A COP 28 come\u00e7a no quinta-feira.<\/p>\n","protected":false},"excerpt":{"rendered":"<p>Pesquisa nacional com empresas aponta que 86% t\u00eam a\u00e7\u00f5es para otimizar o consumo de energia\u00a0 Por Samanta Sallum\u00a0 O Brasil chega \u00e0 confer\u00eancia do clima da ONU, a COP28, em Dubai, para mostrar que pode ser refer\u00eancia em a\u00e7\u00f5es de sustentabilidade. A ind\u00fastria brasileira levantou\u00a0dados\u00a0para subsidiar a participa\u00e7\u00e3o\u00a0 brasileira. Pesquisa da Confedera\u00e7\u00e3o Nacional da Ind\u00fastria (CNI) com empres\u00e1rios de todo [&hellip;]<\/p>\n","protected":false},"author":125,"featured_media":15188,"comment_status":"open","ping_status":"open","sticky":false,"template":"","format":"standard","meta":{"footnotes":""},"categories":[6],"tags":[],"class_list":["post-15185","post","type-post","status-publish","format-standard","has-post-thumbnail","hentry","category-coluna-capital-s-a"],"_links":{"self":[{"href":"https:\/\/blogs.correiobraziliense.com.br\/capital-sa\/wp-json\/wp\/v2\/posts\/15185","targetHints":{"allow":["GET"]}}],"collection":[{"href":"https:\/\/blogs.correiobraziliense.com.br\/capital-sa\/wp-json\/wp\/v2\/posts"}],"about":[{"href":"https:\/\/blogs.correiobraziliense.com.br\/capital-sa\/wp-json\/wp\/v2\/types\/post"}],"author":[{"embeddable":true,"href":"https:\/\/blogs.correiobraziliense.com.br\/capital-sa\/wp-json\/wp\/v2\/users\/125"}],"replies":[{"embeddable":true,"href":"https:\/\/blogs.correiobraziliense.com.br\/capital-sa\/wp-json\/wp\/v2\/comments?post=15185"}],"version-history":[{"count":4,"href":"https:\/\/blogs.correiobraziliense.com.br\/capital-sa\/wp-json\/wp\/v2\/posts\/15185\/revisions"}],"predecessor-version":[{"id":15202,"href":"https:\/\/blogs.correiobraziliense.com.br\/capital-sa\/wp-json\/wp\/v2\/posts\/15185\/revisions\/15202"}],"wp:featuredmedia":[{"embeddable":true,"href":"https:\/\/blogs.correiobraziliense.com.br\/capital-sa\/wp-json\/wp\/v2\/media\/15188"}],"wp:attachment":[{"href":"https:\/\/blogs.correiobraziliense.com.br\/capital-sa\/wp-json\/wp\/v2\/media?parent=15185"}],"wp:term":[{"taxonomy":"category","embeddable":true,"href":"https:\/\/blogs.correiobraziliense.com.br\/capital-sa\/wp-json\/wp\/v2\/categories?post=15185"},{"taxonomy":"post_tag","embeddable":true,"href":"https:\/\/blogs.correiobraziliense.com.br\/capital-sa\/wp-json\/wp\/v2\/tags?post=15185"}],"curies":[{"name":"wp","href":"https:\/\/api.w.org\/{rel}","templated":true}]}}