{"id":15106,"date":"2023-11-20T11:56:40","date_gmt":"2023-11-20T14:56:40","guid":{"rendered":"https:\/\/blogs.correiobraziliense.com.br\/capital-sa\/?p=15106"},"modified":"2023-11-20T12:16:24","modified_gmt":"2023-11-20T15:16:24","slug":"programa-de-neoindustrializacao-do-governo-federal-beneficiara-o-df","status":"publish","type":"post","link":"https:\/\/blogs.correiobraziliense.com.br\/capital-sa\/2023\/11\/20\/programa-de-neoindustrializacao-do-governo-federal-beneficiara-o-df\/","title":{"rendered":"Programa de neoindustrializa\u00e7\u00e3o do governo federal beneficiar\u00e1 o DF"},"content":{"rendered":"<p><b>Por Samanta Sallum\u00a0<\/b><\/p>\n<p class=\"p1\">Com foco no avan\u00e7o tecnol\u00f3gico de micro, pequenas e m\u00e9dias empresas industriais brasileiras, o Minist\u00e9rio Desenvolvimento, Ind\u00fastria, Com\u00e9rcio e Servi\u00e7os (MDIC) lan\u00e7ou o programa <i>Brasil Mais Produtivo<\/i>.\u00a0 \u201cO governo federal apresenta um plano claro, efetivo, que vai aumentar a produtividade e a competividade da ind\u00fastria. O DF tem possibilidade de ser grande beneficiado, uma vez que mais de 99% da ind\u00fastria local \u00e9 formada por micro, pequena e m\u00e9dia\u00a0empresas, que s\u00e3o a prioridade do novo programa\u201d, aponta o presidente da Federa\u00e7\u00e3o das Ind\u00fastrias do Distrito Federal (Fibra), Jamal Bittar.<\/p>\n<p><b>Efeito positivo tamb\u00e9m no com\u00e9rcio<\/b><\/p>\n<p class=\"p1\"><span class=\"s1\">Representando o presidente da Confedera\u00e7\u00e3o Nacional do Com\u00e9rcio (CNC), Jos\u00e9 Roberto Tadros, o presidente do Sistema Fecom\u00e9rcio-DF, Jos\u00e9 Aparecido Freire, participou da cerim\u00f4nia. \u00a0\u201cAcreditamos que o programa ir\u00e1 refletir, invariavelmente, em avan\u00e7os no Com\u00e9rcio e nos Servi\u00e7os, j\u00e1 que \u00e9 nosso setor vende os produtos industrializados.<br \/>\n<\/span>\u00c9 o que usa e leva os produtos ao consumidor final \u201d, avaliou Aparecido.<\/p>\n<p class=\"p1\"><span class=\"s1\"><b>Anfitri\u00f5es <\/b><\/span><\/p>\n<p class=\"p1\"><span class=\"s1\">O vice-presidente da Rep\u00fablica e ministro do MDIC, Geraldo Alckmin,<span class=\"Apple-converted-space\">\u00a0<\/span>e o<span class=\"Apple-converted-space\">\u00a0 <\/span>presidente da Confedera\u00e7\u00e3o Nacional da Ind\u00fastria (CNI), Ricardo Alban, foram os anfitri\u00f5es do evento em Bras\u00edlia,\u00a0<\/span>que reuniu diversos representantes de governo e de importantes setores da economia nacional.<\/p>\n<p><img loading=\"lazy\" decoding=\"async\" class=\"aligncenter size-medium wp-image-15114\" src=\"https:\/\/blogs.correiobraziliense.com.br\/capital-sa\/wp-content\/uploads\/sites\/59\/2023\/11\/4F8BEB2F-67C1-4D7B-AEC5-FB759DA9C2E3-300x200.jpeg\" alt=\"\" width=\"300\" height=\"200\" srcset=\"https:\/\/blogs.correiobraziliense.com.br\/capital-sa\/wp-content\/uploads\/sites\/59\/2023\/11\/4F8BEB2F-67C1-4D7B-AEC5-FB759DA9C2E3-300x200.jpeg 300w, https:\/\/blogs.correiobraziliense.com.br\/capital-sa\/wp-content\/uploads\/sites\/59\/2023\/11\/4F8BEB2F-67C1-4D7B-AEC5-FB759DA9C2E3.jpeg 768w, https:\/\/blogs.correiobraziliense.com.br\/capital-sa\/wp-content\/uploads\/sites\/59\/2023\/11\/4F8BEB2F-67C1-4D7B-AEC5-FB759DA9C2E3-550x367.jpeg 550w, https:\/\/blogs.correiobraziliense.com.br\/capital-sa\/wp-content\/uploads\/sites\/59\/2023\/11\/4F8BEB2F-67C1-4D7B-AEC5-FB759DA9C2E3-230x153.jpeg 230w\" sizes=\"auto, (max-width: 300px) 100vw, 300px\" \/><\/p>\n<p class=\"p1\"><span class=\"s1\"><b>Transforma\u00e7\u00e3o digital<\/b><\/span><\/p>\n<p class=\"p1\"><span class=\"s1\"><i>O Brasil Mais Produtivo<\/i> traz uma parceria in\u00e9dita de v\u00e1rias institui\u00e7\u00f5es para a transforma\u00e7\u00e3o digital brasileira. Coordenado pelo MDIC, o programa vai destinar R$ 2 bilh\u00f5es para o engajamento de 200 mil empresas, das quais 93,1 mil receber\u00e3o atendimento direto.\u00a0Esse processo de moderniza\u00e7\u00e3o das atividades produtivas do setor \u00e9 chamada de neoindustrializa\u00e7\u00e3o.<\/span><\/p>\n<p class=\"p1\"><span class=\"s1\">Para o presidente da CNI, investir na digitaliza\u00e7\u00e3o das atividades industriais representa um caminho importante para ampliar a participa\u00e7\u00e3o do Brasil nas cadeias globais de suprimentos. \u201cAs tecnologias digitais tamb\u00e9m facilitam o desenvolvimento de solu\u00e7\u00f5es que diminuem o impacto ambiental dos processos produtivos, como a racionaliza\u00e7\u00e3o do consumo de energia e outros insumos naturais, contribuindo para o combate ao aquecimento global\u201d<\/span>, acrescentou.<\/p>\n","protected":false},"excerpt":{"rendered":"<p>Por Samanta Sallum\u00a0 Com foco no avan\u00e7o tecnol\u00f3gico de micro, pequenas e m\u00e9dias empresas industriais brasileiras, o Minist\u00e9rio Desenvolvimento, Ind\u00fastria, Com\u00e9rcio e Servi\u00e7os (MDIC) lan\u00e7ou o programa Brasil Mais Produtivo.\u00a0 \u201cO governo federal apresenta um plano claro, efetivo, que vai aumentar a produtividade e a competividade da ind\u00fastria. O DF tem possibilidade de ser grande beneficiado, uma vez que mais [&hellip;]<\/p>\n","protected":false},"author":125,"featured_media":15112,"comment_status":"open","ping_status":"open","sticky":false,"template":"","format":"standard","meta":{"footnotes":""},"categories":[6],"tags":[],"class_list":["post-15106","post","type-post","status-publish","format-standard","has-post-thumbnail","hentry","category-coluna-capital-s-a"],"_links":{"self":[{"href":"https:\/\/blogs.correiobraziliense.com.br\/capital-sa\/wp-json\/wp\/v2\/posts\/15106","targetHints":{"allow":["GET"]}}],"collection":[{"href":"https:\/\/blogs.correiobraziliense.com.br\/capital-sa\/wp-json\/wp\/v2\/posts"}],"about":[{"href":"https:\/\/blogs.correiobraziliense.com.br\/capital-sa\/wp-json\/wp\/v2\/types\/post"}],"author":[{"embeddable":true,"href":"https:\/\/blogs.correiobraziliense.com.br\/capital-sa\/wp-json\/wp\/v2\/users\/125"}],"replies":[{"embeddable":true,"href":"https:\/\/blogs.correiobraziliense.com.br\/capital-sa\/wp-json\/wp\/v2\/comments?post=15106"}],"version-history":[{"count":10,"href":"https:\/\/blogs.correiobraziliense.com.br\/capital-sa\/wp-json\/wp\/v2\/posts\/15106\/revisions"}],"predecessor-version":[{"id":15119,"href":"https:\/\/blogs.correiobraziliense.com.br\/capital-sa\/wp-json\/wp\/v2\/posts\/15106\/revisions\/15119"}],"wp:featuredmedia":[{"embeddable":true,"href":"https:\/\/blogs.correiobraziliense.com.br\/capital-sa\/wp-json\/wp\/v2\/media\/15112"}],"wp:attachment":[{"href":"https:\/\/blogs.correiobraziliense.com.br\/capital-sa\/wp-json\/wp\/v2\/media?parent=15106"}],"wp:term":[{"taxonomy":"category","embeddable":true,"href":"https:\/\/blogs.correiobraziliense.com.br\/capital-sa\/wp-json\/wp\/v2\/categories?post=15106"},{"taxonomy":"post_tag","embeddable":true,"href":"https:\/\/blogs.correiobraziliense.com.br\/capital-sa\/wp-json\/wp\/v2\/tags?post=15106"}],"curies":[{"name":"wp","href":"https:\/\/api.w.org\/{rel}","templated":true}]}}