{"id":1499,"date":"2021-01-22T10:00:33","date_gmt":"2021-01-22T13:00:33","guid":{"rendered":"https:\/\/blogs.correiobraziliense.com.br\/capital-sa\/?p=1499"},"modified":"2021-01-22T11:58:00","modified_gmt":"2021-01-22T14:58:00","slug":"o-mapa-afetivo-dos-cafes-em-bsb","status":"publish","type":"post","link":"https:\/\/blogs.correiobraziliense.com.br\/capital-sa\/2021\/01\/22\/o-mapa-afetivo-dos-cafes-em-bsb\/","title":{"rendered":"O mapa afetivo dos caf\u00e9s em Bsb"},"content":{"rendered":"<p><strong>\u00a0Caf\u00e9s \u2014 o novo lifestyle business em roteiro especial<\/strong><\/p>\n<p>S\u00edmbolo do modernismo, Bras\u00edlia \u00e9 uma cidade jovem e vibrante. Os nascidos na capital j\u00e1 representam mais da metade da popula\u00e7\u00e3o. E a jovem gera\u00e7\u00e3o quer empreender. Mas, para isso, escolhe abrir um neg\u00f3cio identificado com o pr\u00f3prio estilo de vida, o chamado lifestyle business.<\/p>\n<p>A expans\u00e3o do mercado de caf\u00e9s especiais em Bras\u00edlia levou o Comida pra Pensar, laborat\u00f3rio de gastronomia do IFB, a elaborar o Mapa Afetivo dos Caf\u00e9s de BsB. S\u00e3o 42 locais relacionados \u00e0 produ\u00e7\u00e3o e \u00e0 degusta\u00e7\u00e3o de caf\u00e9. Confira abaixo ou acesse https:\/\/comidaprapensar.com\/mapa-dos-caf\u00e9s-de-bsb , onde \u00e9 poss\u00edvel fazer o donwload gratuito. Para facilitar o deslocamento, os locais tamb\u00e9m foram marcados no Google Maps.<\/p>\n<p><strong>Baristas de destaque<\/strong><\/p>\n<p>Nos \u00faltimos cinco anos, surgiram diversas cafeterias na capital com baristas que se destacam em concursos nacionais e internacionais e j\u00e1 \u201cfazem escola\u201d.<\/p>\n<p><strong>Do gr\u00e3o \u00e0 x\u00edcara<\/strong><\/p>\n<p><img loading=\"lazy\" decoding=\"async\" class=\"aligncenter size-medium wp-image-1505\" src=\"https:\/\/blogs.correiobraziliense.com.br\/capital-sa\/wp-content\/uploads\/sites\/59\/2021\/01\/27481B89-9302-4699-8930-76B060DCA9D1-300x225.jpeg\" alt=\"\" width=\"300\" height=\"225\" srcset=\"https:\/\/blogs.correiobraziliense.com.br\/capital-sa\/wp-content\/uploads\/sites\/59\/2021\/01\/27481B89-9302-4699-8930-76B060DCA9D1-300x225.jpeg 300w, https:\/\/blogs.correiobraziliense.com.br\/capital-sa\/wp-content\/uploads\/sites\/59\/2021\/01\/27481B89-9302-4699-8930-76B060DCA9D1-768x576.jpeg 768w, https:\/\/blogs.correiobraziliense.com.br\/capital-sa\/wp-content\/uploads\/sites\/59\/2021\/01\/27481B89-9302-4699-8930-76B060DCA9D1-1024x768.jpeg 1024w, https:\/\/blogs.correiobraziliense.com.br\/capital-sa\/wp-content\/uploads\/sites\/59\/2021\/01\/27481B89-9302-4699-8930-76B060DCA9D1-1440x1080.jpeg 1440w, https:\/\/blogs.correiobraziliense.com.br\/capital-sa\/wp-content\/uploads\/sites\/59\/2021\/01\/27481B89-9302-4699-8930-76B060DCA9D1-800x600.jpeg 800w, https:\/\/blogs.correiobraziliense.com.br\/capital-sa\/wp-content\/uploads\/sites\/59\/2021\/01\/27481B89-9302-4699-8930-76B060DCA9D1-550x413.jpeg 550w, https:\/\/blogs.correiobraziliense.com.br\/capital-sa\/wp-content\/uploads\/sites\/59\/2021\/01\/27481B89-9302-4699-8930-76B060DCA9D1-230x173.jpeg 230w\" sizes=\"auto, (max-width: 300px) 100vw, 300px\" \/><\/p>\n<blockquote><p>\u201cMapeamos cafeterias que se alinham ao perfil \u2018do gr\u00e3o \u00e0 x\u00edcara\u2019, isto \u00e9, t\u00eam contato direto com o cafeicultor, valorizam os m\u00e9todos de extra\u00e7\u00e3o da bebida e levam a hist\u00f3ria de cada produtor ao consumidor final\u201d, explica a coordenadora da pesquisa, Ana Paula Jacques, que \u00e9 professora do curso de gastronomia do Instituto Federal de Bras\u00edlia, no campus Riacho Fundo.<\/p><\/blockquote>\n<p><strong>Mais regi\u00f5es<\/strong><\/p>\n<p>A professora contou \u00e0 coluna que a ideia inicial era mapear apenas Asa Sul e Asa Norte. \u201cMas, durante a pesquisa, vimos que a cena dos caf\u00e9s era mais ampla. Foi uma \u00f3tima surpresa.\u201dAssim, entraram na lista regi\u00f5es como \u00c1guas Claras, Guar\u00e1, Sobradinho, entre outras.<\/p>\n<p>Expresso, coado ou cold brew, as cafeterias oferecem diversas especialidades. E s\u00e3o tem\u00e1ticas.<\/p>\n<p><strong>Fazenda Minelis<\/strong><\/p>\n<p>A ideia \u00e9 oferecer um guia para brasilienses e turistas recorrerem sempre que quiserem tomar um bom caf\u00e9. O roteiro inclui as microtorrefa\u00e7\u00f5es e a fazenda produtora de caf\u00e9 Minelis, no Lago Oeste, que agenda visitas do p\u00fablico.<\/p>\n<p>Depois de cinco meses de pesquisa, o \u201cmapa\u201d acaba de ser divulgado. \u201cJ\u00e1 estamos elaborando uma segunda edi\u00e7\u00e3o, pois descobrimos outros 25 caf\u00e9s pelo DF\u201d, diz Ana.<\/p>\n<p><strong>Coffee lover<\/strong><\/p>\n<p>A professora, de 44 anos, formada em gastronomia e com mestrado em turismo sustent\u00e1vel , \u00e9 uma ga\u00facha apaixonada por Bras\u00edlia. \u201cE sou assumidamente uma coffee lover\u201d, brinca. Ela contou com ajuda na pesquisa da monitora Andressa Fr\u00f3is e da barista Mari Mesquita.<\/p>\n<p>&nbsp;<\/p>\n<p><a href=\"https:\/\/blogs.correiobraziliense.com.br\/capital-sa\/wp-content\/uploads\/sites\/59\/2021\/01\/Mapa-cafes-brasilia.jpg\"><img loading=\"lazy\" decoding=\"async\" class=\"aligncenter size-large wp-image-1514\" src=\"https:\/\/blogs.correiobraziliense.com.br\/capital-sa\/wp-content\/uploads\/sites\/59\/2021\/01\/Mapa-cafes-brasilia-625x1024.jpg\" alt=\"\" width=\"625\" height=\"1024\" srcset=\"https:\/\/blogs.correiobraziliense.com.br\/capital-sa\/wp-content\/uploads\/sites\/59\/2021\/01\/Mapa-cafes-brasilia-625x1024.jpg 625w, https:\/\/blogs.correiobraziliense.com.br\/capital-sa\/wp-content\/uploads\/sites\/59\/2021\/01\/Mapa-cafes-brasilia-183x300.jpg 183w, https:\/\/blogs.correiobraziliense.com.br\/capital-sa\/wp-content\/uploads\/sites\/59\/2021\/01\/Mapa-cafes-brasilia-550x902.jpg 550w, https:\/\/blogs.correiobraziliense.com.br\/capital-sa\/wp-content\/uploads\/sites\/59\/2021\/01\/Mapa-cafes-brasilia-230x377.jpg 230w, https:\/\/blogs.correiobraziliense.com.br\/capital-sa\/wp-content\/uploads\/sites\/59\/2021\/01\/Mapa-cafes-brasilia.jpg 657w\" sizes=\"auto, (max-width: 625px) 100vw, 625px\" \/><\/a><\/p>\n<p>&nbsp;<\/p>\n","protected":false},"excerpt":{"rendered":"<p>\u00a0Caf\u00e9s \u2014 o novo lifestyle business em roteiro especial S\u00edmbolo do modernismo, Bras\u00edlia \u00e9 uma cidade jovem e vibrante. Os nascidos na capital j\u00e1 representam mais da metade da popula\u00e7\u00e3o. E a jovem gera\u00e7\u00e3o quer empreender. Mas, para isso, escolhe abrir um neg\u00f3cio identificado com o pr\u00f3prio estilo de vida, o chamado lifestyle business. A expans\u00e3o do mercado de caf\u00e9s [&hellip;]<\/p>\n","protected":false},"author":125,"featured_media":1501,"comment_status":"open","ping_status":"open","sticky":false,"template":"","format":"standard","meta":{"footnotes":""},"categories":[1],"tags":[481,479,480],"class_list":["post-1499","post","type-post","status-publish","format-standard","has-post-thumbnail","hentry","category-sem-categoria","tag-cafes-em-brasilia","tag-comidaprapensar","tag-ifb"],"_links":{"self":[{"href":"https:\/\/blogs.correiobraziliense.com.br\/capital-sa\/wp-json\/wp\/v2\/posts\/1499","targetHints":{"allow":["GET"]}}],"collection":[{"href":"https:\/\/blogs.correiobraziliense.com.br\/capital-sa\/wp-json\/wp\/v2\/posts"}],"about":[{"href":"https:\/\/blogs.correiobraziliense.com.br\/capital-sa\/wp-json\/wp\/v2\/types\/post"}],"author":[{"embeddable":true,"href":"https:\/\/blogs.correiobraziliense.com.br\/capital-sa\/wp-json\/wp\/v2\/users\/125"}],"replies":[{"embeddable":true,"href":"https:\/\/blogs.correiobraziliense.com.br\/capital-sa\/wp-json\/wp\/v2\/comments?post=1499"}],"version-history":[{"count":15,"href":"https:\/\/blogs.correiobraziliense.com.br\/capital-sa\/wp-json\/wp\/v2\/posts\/1499\/revisions"}],"predecessor-version":[{"id":1519,"href":"https:\/\/blogs.correiobraziliense.com.br\/capital-sa\/wp-json\/wp\/v2\/posts\/1499\/revisions\/1519"}],"wp:featuredmedia":[{"embeddable":true,"href":"https:\/\/blogs.correiobraziliense.com.br\/capital-sa\/wp-json\/wp\/v2\/media\/1501"}],"wp:attachment":[{"href":"https:\/\/blogs.correiobraziliense.com.br\/capital-sa\/wp-json\/wp\/v2\/media?parent=1499"}],"wp:term":[{"taxonomy":"category","embeddable":true,"href":"https:\/\/blogs.correiobraziliense.com.br\/capital-sa\/wp-json\/wp\/v2\/categories?post=1499"},{"taxonomy":"post_tag","embeddable":true,"href":"https:\/\/blogs.correiobraziliense.com.br\/capital-sa\/wp-json\/wp\/v2\/tags?post=1499"}],"curies":[{"name":"wp","href":"https:\/\/api.w.org\/{rel}","templated":true}]}}