{"id":14979,"date":"2023-11-07T19:39:03","date_gmt":"2023-11-07T22:39:03","guid":{"rendered":"https:\/\/blogs.correiobraziliense.com.br\/capital-sa\/?p=14979"},"modified":"2023-11-07T21:57:50","modified_gmt":"2023-11-08T00:57:50","slug":"industria-e-setor-de-servicos-reagem-a-aprovacao-da-reforma-tributaria-na-ccj-do-senado","status":"publish","type":"post","link":"https:\/\/blogs.correiobraziliense.com.br\/capital-sa\/2023\/11\/07\/industria-e-setor-de-servicos-reagem-a-aprovacao-da-reforma-tributaria-na-ccj-do-senado\/","title":{"rendered":"Ind\u00fastria e setor de Servi\u00e7os reagem \u00e0 aprova\u00e7\u00e3o da Reforma Tribut\u00e1ria na CCJ do Senado"},"content":{"rendered":"<p class=\"p1\"><i>Em tom de alerta e de cr\u00edtica, entidades representativas dos segmentos empresariais manifestam descontentamento<\/i><\/p>\n<p class=\"p1\"><span class=\"s2\"><b>Por Samanta Sallum <\/b><\/span><\/p>\n<p class=\"p1\"><span class=\"s1\">A Confedera\u00e7\u00e3o Nacional da Ind\u00fastria (CNI) e a Confedera\u00e7\u00e3o Nacional do Com\u00e9rcio de Bens, Servi\u00e7os e<span class=\"Apple-converted-space\">\u00a0 <\/span>Turismo (CNC) emitiram posicionamentos sobre o texto-base da proposta de emenda constitucional (PEC 45\/2019), que institui uma reforma no sistema tribut\u00e1rio brasileiro, que foi aprovado hoje na Comiss\u00e3o de Constitui\u00e7\u00e3o e Justi\u00e7a (CCJ) do Senado Federal. Por motivos diferentes, ambas fizeram cr\u00edticas e alertas sobre a vers\u00e3o que passou e que seguir\u00e1 para vota\u00e7\u00e3o no plen\u00e1rio da Casa.<\/span><\/p>\n<p class=\"p1\"><span class=\"s1\">A CNI criticou o aumento de exce\u00e7\u00f5es, ou seja, de al\u00edquotas especiais ou isen\u00e7\u00f5es de forma mais ampla . \u201cIsso resultar\u00e1 em um imposto mais alto para todos. Quem paga essa conta \u00e9 sempre o consumidor e esse excesso pesar\u00e1, sobretudo, no bolso do brasileiro de menor renda\u201d, destaca o manifesto da ind\u00fastria.<\/span><\/p>\n<p class=\"p1\"><span class=\"s1\">J\u00e1 a CNC se manifestou contr\u00e1ria ao tratamento dado ao setor de Servi\u00e7os. \u201cVoltamos a destacar o tratamento desarrazoado dado \u00e0s empresas do setor de servi\u00e7os, que ir\u00e1 resultar em uma onera\u00e7\u00e3o que poder\u00e1 inviabilizar os neg\u00f3cios, prejudicando investimentos e, consequentemente, a gera\u00e7\u00e3o de empregos e renda\u201d, frisa a Confedera\u00e7\u00e3o.<\/span><\/p>\n<p class=\"p1\"><span class=\"s1\">Segundo c\u00e1lculos da CNC, o setor de servi\u00e7os ter\u00e1 um aumento de at\u00e9 200% na carga tribut\u00e1ria e o com\u00e9rcio uma alta de at\u00e9 40%, considerando uma al\u00edquota de IVA de 27,5%, segundo a \u00faltima divulga\u00e7\u00e3o do governo.<\/span><\/p>\n<p><b>Fim da cumulatividade<\/b><\/p>\n<p class=\"p1\"><span class=\"s1\">A CNI ainda destacou que a ind\u00fastria defende como um de seus princ\u00edpios o fim da cumulatividade. \u201cPara isso, \u00e9 preciso que o imposto seletivo n\u00e3o incida sobre insumos e que seja eliminado o novo tributo sobre bens prim\u00e1rios e semielaborados, que v\u00e3o onerar toda a cadeia produtiva. A reforma h\u00e1 30 anos em debate no Brasil \u00e9 boa e precisa ser boa para todos para que o pa\u00eds cres\u00e7a, se desenvolva, crie empregos e reduza as desigualdades sociais.\u201d<\/span><\/p>\n<p>As duas confedera\u00e7\u00f5es afirmaram que s\u00e3o favor\u00e1veis \u00e0 Reforma Tribut\u00e1ria e que apoiam o trabalho do Congresso. No entanto, pretendem ainda mobilizar parlamentares para que o texto seja modificado durante a aprecia\u00e7\u00e3o no plen\u00e1rio do Senado.<\/p>\n<p>&nbsp;<\/p>\n","protected":false},"excerpt":{"rendered":"<p>Em tom de alerta e de cr\u00edtica, entidades representativas dos segmentos empresariais manifestam descontentamento Por Samanta Sallum A Confedera\u00e7\u00e3o Nacional da Ind\u00fastria (CNI) e a Confedera\u00e7\u00e3o Nacional do Com\u00e9rcio de Bens, Servi\u00e7os e\u00a0 Turismo (CNC) emitiram posicionamentos sobre o texto-base da proposta de emenda constitucional (PEC 45\/2019), que institui uma reforma no sistema tribut\u00e1rio brasileiro, que foi aprovado hoje na [&hellip;]<\/p>\n","protected":false},"author":125,"featured_media":14983,"comment_status":"open","ping_status":"open","sticky":false,"template":"","format":"standard","meta":{"footnotes":""},"categories":[6],"tags":[],"class_list":["post-14979","post","type-post","status-publish","format-standard","has-post-thumbnail","hentry","category-coluna-capital-s-a"],"_links":{"self":[{"href":"https:\/\/blogs.correiobraziliense.com.br\/capital-sa\/wp-json\/wp\/v2\/posts\/14979","targetHints":{"allow":["GET"]}}],"collection":[{"href":"https:\/\/blogs.correiobraziliense.com.br\/capital-sa\/wp-json\/wp\/v2\/posts"}],"about":[{"href":"https:\/\/blogs.correiobraziliense.com.br\/capital-sa\/wp-json\/wp\/v2\/types\/post"}],"author":[{"embeddable":true,"href":"https:\/\/blogs.correiobraziliense.com.br\/capital-sa\/wp-json\/wp\/v2\/users\/125"}],"replies":[{"embeddable":true,"href":"https:\/\/blogs.correiobraziliense.com.br\/capital-sa\/wp-json\/wp\/v2\/comments?post=14979"}],"version-history":[{"count":11,"href":"https:\/\/blogs.correiobraziliense.com.br\/capital-sa\/wp-json\/wp\/v2\/posts\/14979\/revisions"}],"predecessor-version":[{"id":14991,"href":"https:\/\/blogs.correiobraziliense.com.br\/capital-sa\/wp-json\/wp\/v2\/posts\/14979\/revisions\/14991"}],"wp:featuredmedia":[{"embeddable":true,"href":"https:\/\/blogs.correiobraziliense.com.br\/capital-sa\/wp-json\/wp\/v2\/media\/14983"}],"wp:attachment":[{"href":"https:\/\/blogs.correiobraziliense.com.br\/capital-sa\/wp-json\/wp\/v2\/media?parent=14979"}],"wp:term":[{"taxonomy":"category","embeddable":true,"href":"https:\/\/blogs.correiobraziliense.com.br\/capital-sa\/wp-json\/wp\/v2\/categories?post=14979"},{"taxonomy":"post_tag","embeddable":true,"href":"https:\/\/blogs.correiobraziliense.com.br\/capital-sa\/wp-json\/wp\/v2\/tags?post=14979"}],"curies":[{"name":"wp","href":"https:\/\/api.w.org\/{rel}","templated":true}]}}