{"id":14971,"date":"2023-11-07T16:16:25","date_gmt":"2023-11-07T19:16:25","guid":{"rendered":"https:\/\/blogs.correiobraziliense.com.br\/capital-sa\/?p=14971"},"modified":"2023-11-07T16:18:38","modified_gmt":"2023-11-07T19:18:38","slug":"confira-a-rentabilidade-de-imoveis-para-revenda-e-para-aluguel-no-df","status":"publish","type":"post","link":"https:\/\/blogs.correiobraziliense.com.br\/capital-sa\/2023\/11\/07\/confira-a-rentabilidade-de-imoveis-para-revenda-e-para-aluguel-no-df\/","title":{"rendered":"Confira a rentabilidade de im\u00f3veis para revenda e para aluguel no DF"},"content":{"rendered":"<p class=\"p1\"><b>Por Samanta Sallum\u00a0<\/b><\/p>\n<p class=\"p1\"><span class=\"s1\">A valoriza\u00e7\u00e3o dos im\u00f3veis de revenda no DF teve uma varia\u00e7\u00e3o positiva bem maior que os principais \u00edndices de pre\u00e7os relevantes no mercado, como o INCC (2,83%) e o IPCA (4,15%), se analisado o acumulado de 12 meses.\u00a0<\/span>De acordo com \u00cdndice Secovi, os pre\u00e7os dos im\u00f3veis de revenda acumulam alta de 14,52% no per\u00edodo registrado at\u00e9 setembro.<\/p>\n<p class=\"p1\"><span class=\"s1\">O maior pre\u00e7o m\u00e9dio por m2 entre os apartamentos de revenda foi encontrado no Noroeste em im\u00f3veis de 3 quartos, registrando R$ 15,1 mil. J\u00e1 entre as casas, o maior foi registrado no Lago Sul, de R$ 4,5 milh\u00f5es. O acumulado no DF do VGV &#8211; volume geral de vendas &#8211; \u00a0\u00e9 R$ 17,34 bilh\u00f5es no \u00faltimo ano.<\/span><\/p>\n<p class=\"p1\"><span class=\"s1\"><b>Novos empreendimentos<\/b><\/span><\/p>\n<p class=\"p1\"><span class=\"s1\">O Boletim de Conjuntura Imobili\u00e1ria de outubro do Sindicato da Habita\u00e7\u00e3o do Distrito Federal (Secovi) confirma que o setor segue aquecido neste segundo semestre do ano. O levantamento apontou que at\u00e9 o final de setembro de 2023 foram realizados 46 lan\u00e7amentos no Distrito Federal. Noroeste (10), \u00c1guas Claras (9) e Samambaia (6) foram as regi\u00f5es que mais receberam novos empreendimentos.<\/span><\/p>\n<p class=\"p1\"><span class=\"s1\"> Ainda em rela\u00e7\u00e3o ao mercado de lan\u00e7amentos, os maiores pre\u00e7os por metro quadrado continuam sendo encontrados no Plano Piloto, com valores que variam de R$ 17.028\/m2 no Noroeste \u00e0 R$ 24.526\/m2 na Asa Sul.<\/span><\/p>\n<p class=\"p1\"><span class=\"s1\"><b>Aluguel<\/b><\/span><\/p>\n<p class=\"p1\"><span class=\"s1\">No segmento de im\u00f3veis para aluguel,<span class=\"Apple-converted-space\">\u00a0 <\/span>o \u00cdndice Secovi de loca\u00e7\u00e3o, apresentou uma pequena varia\u00e7\u00e3o negativa de 0,38% em agosto, mas no acumulado de 12 meses teve valoriza\u00e7\u00e3o de 7,9%, superior ao principal \u00edndice de infla\u00e7\u00e3o, o IPCA.<\/span><\/p>\n<p class=\"p1\"><span class=\"s1\">Quanto \u00e0 rentabilidade, retorno que o aluguel proporciona em rela\u00e7\u00e3o ao valor venal do im\u00f3vel, est\u00e3o em destaque apartamentos de 1 quarto em Sobradinho (0,62% ao m\u00eas) , seguido pelos de 1 quarto no Noroeste (0,56% ao m\u00eas). Especificamente em rela\u00e7\u00e3o a casas, a maior rentabilidade foi a de 2 quartos em Ceil\u00e2ndia, Samambaia, Taguatinga e Sobradinho, entre 0,6% e 0,84% ao m\u00eas.<\/span><\/p>\n","protected":false},"excerpt":{"rendered":"<p>Por Samanta Sallum\u00a0 A valoriza\u00e7\u00e3o dos im\u00f3veis de revenda no DF teve uma varia\u00e7\u00e3o positiva bem maior que os principais \u00edndices de pre\u00e7os relevantes no mercado, como o INCC (2,83%) e o IPCA (4,15%), se analisado o acumulado de 12 meses.\u00a0De acordo com \u00cdndice Secovi, os pre\u00e7os dos im\u00f3veis de revenda acumulam alta de 14,52% no per\u00edodo registrado at\u00e9 setembro. [&hellip;]<\/p>\n","protected":false},"author":125,"featured_media":14975,"comment_status":"open","ping_status":"open","sticky":false,"template":"","format":"standard","meta":{"footnotes":""},"categories":[6],"tags":[],"class_list":["post-14971","post","type-post","status-publish","format-standard","has-post-thumbnail","hentry","category-coluna-capital-s-a"],"_links":{"self":[{"href":"https:\/\/blogs.correiobraziliense.com.br\/capital-sa\/wp-json\/wp\/v2\/posts\/14971","targetHints":{"allow":["GET"]}}],"collection":[{"href":"https:\/\/blogs.correiobraziliense.com.br\/capital-sa\/wp-json\/wp\/v2\/posts"}],"about":[{"href":"https:\/\/blogs.correiobraziliense.com.br\/capital-sa\/wp-json\/wp\/v2\/types\/post"}],"author":[{"embeddable":true,"href":"https:\/\/blogs.correiobraziliense.com.br\/capital-sa\/wp-json\/wp\/v2\/users\/125"}],"replies":[{"embeddable":true,"href":"https:\/\/blogs.correiobraziliense.com.br\/capital-sa\/wp-json\/wp\/v2\/comments?post=14971"}],"version-history":[{"count":6,"href":"https:\/\/blogs.correiobraziliense.com.br\/capital-sa\/wp-json\/wp\/v2\/posts\/14971\/revisions"}],"predecessor-version":[{"id":14978,"href":"https:\/\/blogs.correiobraziliense.com.br\/capital-sa\/wp-json\/wp\/v2\/posts\/14971\/revisions\/14978"}],"wp:featuredmedia":[{"embeddable":true,"href":"https:\/\/blogs.correiobraziliense.com.br\/capital-sa\/wp-json\/wp\/v2\/media\/14975"}],"wp:attachment":[{"href":"https:\/\/blogs.correiobraziliense.com.br\/capital-sa\/wp-json\/wp\/v2\/media?parent=14971"}],"wp:term":[{"taxonomy":"category","embeddable":true,"href":"https:\/\/blogs.correiobraziliense.com.br\/capital-sa\/wp-json\/wp\/v2\/categories?post=14971"},{"taxonomy":"post_tag","embeddable":true,"href":"https:\/\/blogs.correiobraziliense.com.br\/capital-sa\/wp-json\/wp\/v2\/tags?post=14971"}],"curies":[{"name":"wp","href":"https:\/\/api.w.org\/{rel}","templated":true}]}}