{"id":14915,"date":"2023-10-30T17:24:23","date_gmt":"2023-10-30T20:24:23","guid":{"rendered":"https:\/\/blogs.correiobraziliense.com.br\/capital-sa\/?p=14915"},"modified":"2023-10-30T17:32:46","modified_gmt":"2023-10-30T20:32:46","slug":"industria-de-bebidas-e-alimentos-cria-peticao-popular-para-reforma-tributaria","status":"publish","type":"post","link":"https:\/\/blogs.correiobraziliense.com.br\/capital-sa\/2023\/10\/30\/industria-de-bebidas-e-alimentos-cria-peticao-popular-para-reforma-tributaria\/","title":{"rendered":"Ind\u00fastria de bebidas e alimentos cria peti\u00e7\u00e3o popular para reforma tribut\u00e1ria"},"content":{"rendered":"<p class=\"p1\"><b>Por Samanta Sallum\u00a0<\/b><\/p>\n<p>As quatro maiores entidades representativas da ind\u00fastria de alimentos e bebidas se uniram numa campanha para alertar a popula\u00e7\u00e3o sobre os efeitos da Reforma Tribut\u00e1ria. O texto aprovado na C\u00e2mara dos Deputados agora tramita no Senado.<\/p>\n<p class=\"p1\"><span class=\"s1\">A ABIR (Associa\u00e7\u00e3o Brasileira das Ind\u00fastrias de Refrigerantes e Bebidas N\u00e3o Alc\u00f3olicas), ABIA (Associa\u00e7\u00e3o Brasileira da Ind\u00fastria de Alimentos), Abimapi (Associa\u00e7\u00e3o Brasileira das Ind\u00fastrias de Biscoitos, Massas Aliment\u00edcias e P\u00e3es &amp; Bolos Industrializados) e Abicab (Associa\u00e7\u00e3o Brasileira da Ind\u00fastria de Chocolates, Amendoim e Balas) lan\u00e7aram a campanha \u201cCarrinhoLivre: por uma reforma tribut\u00e1ria que respeite a sua liberdade de escolha\u201d.<br \/>\n<\/span><\/p>\n<p class=\"p1\"><span class=\"s1\">O objetivo \u00e9 ampliar a participa\u00e7\u00e3o da popula\u00e7\u00e3o no debate sobre a reforma, destacando a import\u00e2ncia de se ter mais informa\u00e7\u00f5es sobre poss\u00edveis impactos no or\u00e7amento das fam\u00edlias.<br \/>\n<\/span><\/p>\n<p class=\"p1\"><span class=\"s1\">Foi criada uma plataforma digital com conte\u00fado sobre a reforma que apresenta uma peti\u00e7\u00e3o popular. O intuito \u00e9 que as pessoas se posicionem.<\/span><\/p>\n<p class=\"p1\"><span class=\"s1\"><b>Contra aumento de carga <\/b><\/span><\/p>\n<p class=\"p1\">\u201cApoiamos a reforma tribut\u00e1ria, sim. H\u00e1 muito tempo, este \u00e9 o desejo da popula\u00e7\u00e3o e da classe empresarial: Mas \u00e9 fundamental que n\u00e3o aumente a carga tribut\u00e1ria sobre alimentos e bebidas. Afinal, este setor j\u00e1 possui uma das cargas mais altas da Am\u00e9rica Latina. Al\u00e9m disso, poderia impactar as vendas, e consequentemente, os empregos de milh\u00f5es de trabalhadores dos mais diversos setores ; al\u00e9m, \u00e9 claro, do bolso de todos os brasileiros\u201d, afirma Victor Bicca, presidente da ABIR.<\/p>\n<p><img loading=\"lazy\" decoding=\"async\" class=\"aligncenter size-medium wp-image-14921\" src=\"https:\/\/blogs.correiobraziliense.com.br\/capital-sa\/wp-content\/uploads\/sites\/59\/2023\/10\/DF5DB3A4-99A9-4909-A35A-95741D10BE25-300x220.jpeg\" alt=\"\" width=\"300\" height=\"220\" srcset=\"https:\/\/blogs.correiobraziliense.com.br\/capital-sa\/wp-content\/uploads\/sites\/59\/2023\/10\/DF5DB3A4-99A9-4909-A35A-95741D10BE25-300x220.jpeg 300w, https:\/\/blogs.correiobraziliense.com.br\/capital-sa\/wp-content\/uploads\/sites\/59\/2023\/10\/DF5DB3A4-99A9-4909-A35A-95741D10BE25-230x168.jpeg 230w, https:\/\/blogs.correiobraziliense.com.br\/capital-sa\/wp-content\/uploads\/sites\/59\/2023\/10\/DF5DB3A4-99A9-4909-A35A-95741D10BE25.jpeg 441w\" sizes=\"auto, (max-width: 300px) 100vw, 300px\" \/><\/p>\n<p class=\"p1\"><span class=\"s1\"><b>Produ\u00e7\u00e3o agropecu\u00e1ria <\/b><\/span><\/p>\n<p class=\"p1\"><span class=\"s1\">Segundo dados da ABIA, as ind\u00fastrias de alimentos e bebidas processam 58% de toda a produ\u00e7\u00e3o agropecu\u00e1ria do Pa\u00eds e representam o maior setor da ind\u00fastria de transforma\u00e7\u00e3o brasileira. \u00c9<span class=\"Apple-converted-space\">\u00a0 <\/span>o maior gerador de empregos, com 1,9 milh\u00e3o de postos diretos de trabalho, em mais de 38 mil empresas. Do campo ao varejo, o setor movimenta 19,5 milh\u00f5es de empregos no total. <\/span><\/p>\n","protected":false},"excerpt":{"rendered":"<p>Por Samanta Sallum\u00a0 As quatro maiores entidades representativas da ind\u00fastria de alimentos e bebidas se uniram numa campanha para alertar a popula\u00e7\u00e3o sobre os efeitos da Reforma Tribut\u00e1ria. O texto aprovado na C\u00e2mara dos Deputados agora tramita no Senado. A ABIR (Associa\u00e7\u00e3o Brasileira das Ind\u00fastrias de Refrigerantes e Bebidas N\u00e3o Alc\u00f3olicas), ABIA (Associa\u00e7\u00e3o Brasileira da Ind\u00fastria de Alimentos), Abimapi (Associa\u00e7\u00e3o [&hellip;]<\/p>\n","protected":false},"author":125,"featured_media":14918,"comment_status":"open","ping_status":"open","sticky":false,"template":"","format":"standard","meta":{"footnotes":""},"categories":[6],"tags":[],"class_list":["post-14915","post","type-post","status-publish","format-standard","has-post-thumbnail","hentry","category-coluna-capital-s-a"],"_links":{"self":[{"href":"https:\/\/blogs.correiobraziliense.com.br\/capital-sa\/wp-json\/wp\/v2\/posts\/14915","targetHints":{"allow":["GET"]}}],"collection":[{"href":"https:\/\/blogs.correiobraziliense.com.br\/capital-sa\/wp-json\/wp\/v2\/posts"}],"about":[{"href":"https:\/\/blogs.correiobraziliense.com.br\/capital-sa\/wp-json\/wp\/v2\/types\/post"}],"author":[{"embeddable":true,"href":"https:\/\/blogs.correiobraziliense.com.br\/capital-sa\/wp-json\/wp\/v2\/users\/125"}],"replies":[{"embeddable":true,"href":"https:\/\/blogs.correiobraziliense.com.br\/capital-sa\/wp-json\/wp\/v2\/comments?post=14915"}],"version-history":[{"count":5,"href":"https:\/\/blogs.correiobraziliense.com.br\/capital-sa\/wp-json\/wp\/v2\/posts\/14915\/revisions"}],"predecessor-version":[{"id":14922,"href":"https:\/\/blogs.correiobraziliense.com.br\/capital-sa\/wp-json\/wp\/v2\/posts\/14915\/revisions\/14922"}],"wp:featuredmedia":[{"embeddable":true,"href":"https:\/\/blogs.correiobraziliense.com.br\/capital-sa\/wp-json\/wp\/v2\/media\/14918"}],"wp:attachment":[{"href":"https:\/\/blogs.correiobraziliense.com.br\/capital-sa\/wp-json\/wp\/v2\/media?parent=14915"}],"wp:term":[{"taxonomy":"category","embeddable":true,"href":"https:\/\/blogs.correiobraziliense.com.br\/capital-sa\/wp-json\/wp\/v2\/categories?post=14915"},{"taxonomy":"post_tag","embeddable":true,"href":"https:\/\/blogs.correiobraziliense.com.br\/capital-sa\/wp-json\/wp\/v2\/tags?post=14915"}],"curies":[{"name":"wp","href":"https:\/\/api.w.org\/{rel}","templated":true}]}}