{"id":14895,"date":"2023-10-20T15:04:57","date_gmt":"2023-10-20T18:04:57","guid":{"rendered":"https:\/\/blogs.correiobraziliense.com.br\/capital-sa\/?p=14895"},"modified":"2023-10-20T15:06:35","modified_gmt":"2023-10-20T18:06:35","slug":"filha-do-ex-presidente-da-fecomercio-cria-instituto-chico-maia","status":"publish","type":"post","link":"https:\/\/blogs.correiobraziliense.com.br\/capital-sa\/2023\/10\/20\/filha-do-ex-presidente-da-fecomercio-cria-instituto-chico-maia\/","title":{"rendered":"Filha do ex-presidente da Fecom\u00e9rcio cria Instituto Chico Maia"},"content":{"rendered":"<p class=\"p1\"><b>Por Samanta Sallum\u00a0<\/b><\/p>\n<p class=\"p1\"><span class=\"s1\">A empreendedora Val\u00e9ria M. Farias, filha do empres\u00e1rio e ex-presidente da Fecom\u00e9rcio\/DF, Francisco Maia, fundou o Instituto Chico Maia<span class=\"Apple-converted-space\">\u00a0 <\/span>(ICM). \u00c9 uma associa\u00e7\u00e3o civil, sem fins lucrativos, que nasce do desejo de tornar realidade os projetos protagonizados pelo empreendedor, que faleceu em 2021, v\u00edtima de complica\u00e7\u00f5es causadas pela\u00a0<\/span>covid 19.<\/p>\n<p class=\"p1\"><span class=\"s1\"><b>Fomento ao turismo <\/b><\/span><\/p>\n<p class=\"p1\"><span class=\"s1\">Parceira do pai nos neg\u00f3cios, Val\u00e9ria explica que pretende continuar o legado do empres\u00e1rio. \u201cA miss\u00e3o do ICM \u00e9 promover o desenvolvimento socioecon\u00f4mico do Distrito Federal, por meio do turismo, eventos, empreendedorismo e inova\u00e7\u00e3o\u201d, explica. <\/span><\/p>\n<p class=\"p1\"><span class=\"s1\"><b>Censo econ\u00f4mico <\/b><\/span><\/p>\n<p class=\"p1\"><span class=\"s1\">O Instituto pretende lan\u00e7ar uma Plataforma de Intelig\u00eancia do Turismo. \u201cIremos realizar o projeto do Censo Econ\u00f4mico dos Meios de Hospedagem e Eventos da Capital, em parceria com o Sindeventos, Sindhobar e a Camara de Turismo e Hospitalidade do DF\u201d, conta Val\u00e9ria.<br \/>\n<\/span><\/p>\n<p class=\"p1\"><span class=\"s1\">A iniciativa pretende fornecer informa\u00e7\u00f5es estrat\u00e9gicas para subsidiar programas e projetos, oportunidades de novos neg\u00f3cios, investimentos e apoio ao fomento do turismo.<\/span><\/p>\n","protected":false},"excerpt":{"rendered":"<p>Por Samanta Sallum\u00a0 A empreendedora Val\u00e9ria M. Farias, filha do empres\u00e1rio e ex-presidente da Fecom\u00e9rcio\/DF, Francisco Maia, fundou o Instituto Chico Maia\u00a0 (ICM). \u00c9 uma associa\u00e7\u00e3o civil, sem fins lucrativos, que nasce do desejo de tornar realidade os projetos protagonizados pelo empreendedor, que faleceu em 2021, v\u00edtima de complica\u00e7\u00f5es causadas pela\u00a0covid 19. Fomento ao turismo Parceira do pai nos neg\u00f3cios, [&hellip;]<\/p>\n","protected":false},"author":125,"featured_media":14898,"comment_status":"open","ping_status":"open","sticky":false,"template":"","format":"standard","meta":{"footnotes":""},"categories":[6],"tags":[],"class_list":["post-14895","post","type-post","status-publish","format-standard","has-post-thumbnail","hentry","category-coluna-capital-s-a"],"_links":{"self":[{"href":"https:\/\/blogs.correiobraziliense.com.br\/capital-sa\/wp-json\/wp\/v2\/posts\/14895","targetHints":{"allow":["GET"]}}],"collection":[{"href":"https:\/\/blogs.correiobraziliense.com.br\/capital-sa\/wp-json\/wp\/v2\/posts"}],"about":[{"href":"https:\/\/blogs.correiobraziliense.com.br\/capital-sa\/wp-json\/wp\/v2\/types\/post"}],"author":[{"embeddable":true,"href":"https:\/\/blogs.correiobraziliense.com.br\/capital-sa\/wp-json\/wp\/v2\/users\/125"}],"replies":[{"embeddable":true,"href":"https:\/\/blogs.correiobraziliense.com.br\/capital-sa\/wp-json\/wp\/v2\/comments?post=14895"}],"version-history":[{"count":5,"href":"https:\/\/blogs.correiobraziliense.com.br\/capital-sa\/wp-json\/wp\/v2\/posts\/14895\/revisions"}],"predecessor-version":[{"id":14909,"href":"https:\/\/blogs.correiobraziliense.com.br\/capital-sa\/wp-json\/wp\/v2\/posts\/14895\/revisions\/14909"}],"wp:featuredmedia":[{"embeddable":true,"href":"https:\/\/blogs.correiobraziliense.com.br\/capital-sa\/wp-json\/wp\/v2\/media\/14898"}],"wp:attachment":[{"href":"https:\/\/blogs.correiobraziliense.com.br\/capital-sa\/wp-json\/wp\/v2\/media?parent=14895"}],"wp:term":[{"taxonomy":"category","embeddable":true,"href":"https:\/\/blogs.correiobraziliense.com.br\/capital-sa\/wp-json\/wp\/v2\/categories?post=14895"},{"taxonomy":"post_tag","embeddable":true,"href":"https:\/\/blogs.correiobraziliense.com.br\/capital-sa\/wp-json\/wp\/v2\/tags?post=14895"}],"curies":[{"name":"wp","href":"https:\/\/api.w.org\/{rel}","templated":true}]}}