{"id":14834,"date":"2023-10-13T13:29:18","date_gmt":"2023-10-13T16:29:18","guid":{"rendered":"https:\/\/blogs.correiobraziliense.com.br\/capital-sa\/?p=14834"},"modified":"2023-10-13T13:31:41","modified_gmt":"2023-10-13T16:31:41","slug":"setor-de-ti-vai-ao-senado-tratar-de-reforma-tributaria","status":"publish","type":"post","link":"https:\/\/blogs.correiobraziliense.com.br\/capital-sa\/2023\/10\/13\/setor-de-ti-vai-ao-senado-tratar-de-reforma-tributaria\/","title":{"rendered":"Setor de TI vai ao Senado tratar de reforma tribut\u00e1ria"},"content":{"rendered":"<p><i>Empresas que representam empresas do segmento alertam para risco de eleva\u00e7\u00e3o de pre\u00e7os ao consumidor final<\/i><\/p>\n<p class=\"p1\"><b>Por Samanta Sallum\u00a0<\/b><\/p>\n<p class=\"p1\"><span class=\"s1\">Entidades do setor de Tecnologia da Informa\u00e7\u00e3o e Comunica\u00e7\u00e3o (TIC), com o apoio do senador Izalci Lucas (PSDB\/DF), realizaram um caf\u00e9 da manh\u00e3, no Senado Federal, para discutir propostas para a reforma tribut\u00e1ria. \u00a0O evento focou no apoio \u00e0s emendas apresentadas \u00e0 PEC 45\/2019, que prev\u00eam a inser\u00e7\u00e3o das atividades do setor na al\u00edquota reduzida.<\/span><\/p>\n<p class=\"p1\"><span class=\"s1\">Uma das preocupa\u00e7\u00f5es das empresas da \u00e1rea de tecnologia \u00e9 o fato do texto aprovado pela C\u00e2mara n\u00e3o permitir o creditamento do maior insumo da atividade de TIC \u2013 <\/span><span class=\"s2\">a m\u00e3o de obra.<span class=\"Apple-converted-space\">\u00a0<\/span>E prev\u00ea uma al\u00edquota padr\u00e3o de 25%. O setor alerta que a aprova\u00e7\u00e3o disso no Senado<span class=\"Apple-converted-space\">\u00a0 <\/span>impactar\u00e1 na eleva\u00e7\u00e3o dos pre\u00e7os ao consumidor final entre 12% e 16% nos servi\u00e7os de internet e, de 7% e 11% nos de software e de TI<\/span><span class=\"s1\">.\u00a0<\/span><\/p>\n<p class=\"p1\"><span class=\"s1\"><b>Inova\u00e7\u00e3o tecnol\u00f3gica <\/b><\/span><\/p>\n<p class=\"p1\"><span class=\"s1\">\u201c<\/span><span class=\"s2\">Precisamos de incentivo ao setor e n\u00e3o de mais carga tribut\u00e1ria. Com as emendas propostas, ser\u00e1 poss\u00edvel promover maior competitividade e crescimento para as empresas do nosso setor, fortalecendo a economia, a gera\u00e7\u00e3o de empregos e o fomento da inova\u00e7\u00e3o tecnol\u00f3gica no Brasil<\/span><span class=\"s1\">\u201d, argumenta o presidente da Federa\u00e7\u00e3o Assespro, Christian Tadeu.<\/span><\/p>\n<p><span class=\"s1\">Participaram do encontro, no in\u00edcio da semana, representantes da Federa\u00e7\u00e3o Assespro, ABES, Abranet, Brasscom, Fenainfo, ACATE e Sinesp . Entre os parlamentares presentes, al\u00e9m de Izalci, os senadores<span class=\"Apple-converted-space\">\u00a0 <\/span>Gomes (PL-TO), Zequinha Mariano (Podemos\/PA)\u00a0<\/span>e o deputado federal, Ricardo Ayres (REP-TO).<\/p>\n","protected":false},"excerpt":{"rendered":"<p>Empresas que representam empresas do segmento alertam para risco de eleva\u00e7\u00e3o de pre\u00e7os ao consumidor final Por Samanta Sallum\u00a0 Entidades do setor de Tecnologia da Informa\u00e7\u00e3o e Comunica\u00e7\u00e3o (TIC), com o apoio do senador Izalci Lucas (PSDB\/DF), realizaram um caf\u00e9 da manh\u00e3, no Senado Federal, para discutir propostas para a reforma tribut\u00e1ria. \u00a0O evento focou no apoio \u00e0s emendas apresentadas [&hellip;]<\/p>\n","protected":false},"author":125,"featured_media":14841,"comment_status":"open","ping_status":"open","sticky":false,"template":"","format":"standard","meta":{"footnotes":""},"categories":[6],"tags":[],"class_list":["post-14834","post","type-post","status-publish","format-standard","has-post-thumbnail","hentry","category-coluna-capital-s-a"],"_links":{"self":[{"href":"https:\/\/blogs.correiobraziliense.com.br\/capital-sa\/wp-json\/wp\/v2\/posts\/14834","targetHints":{"allow":["GET"]}}],"collection":[{"href":"https:\/\/blogs.correiobraziliense.com.br\/capital-sa\/wp-json\/wp\/v2\/posts"}],"about":[{"href":"https:\/\/blogs.correiobraziliense.com.br\/capital-sa\/wp-json\/wp\/v2\/types\/post"}],"author":[{"embeddable":true,"href":"https:\/\/blogs.correiobraziliense.com.br\/capital-sa\/wp-json\/wp\/v2\/users\/125"}],"replies":[{"embeddable":true,"href":"https:\/\/blogs.correiobraziliense.com.br\/capital-sa\/wp-json\/wp\/v2\/comments?post=14834"}],"version-history":[{"count":5,"href":"https:\/\/blogs.correiobraziliense.com.br\/capital-sa\/wp-json\/wp\/v2\/posts\/14834\/revisions"}],"predecessor-version":[{"id":14842,"href":"https:\/\/blogs.correiobraziliense.com.br\/capital-sa\/wp-json\/wp\/v2\/posts\/14834\/revisions\/14842"}],"wp:featuredmedia":[{"embeddable":true,"href":"https:\/\/blogs.correiobraziliense.com.br\/capital-sa\/wp-json\/wp\/v2\/media\/14841"}],"wp:attachment":[{"href":"https:\/\/blogs.correiobraziliense.com.br\/capital-sa\/wp-json\/wp\/v2\/media?parent=14834"}],"wp:term":[{"taxonomy":"category","embeddable":true,"href":"https:\/\/blogs.correiobraziliense.com.br\/capital-sa\/wp-json\/wp\/v2\/categories?post=14834"},{"taxonomy":"post_tag","embeddable":true,"href":"https:\/\/blogs.correiobraziliense.com.br\/capital-sa\/wp-json\/wp\/v2\/tags?post=14834"}],"curies":[{"name":"wp","href":"https:\/\/api.w.org\/{rel}","templated":true}]}}