{"id":14643,"date":"2023-09-28T08:40:26","date_gmt":"2023-09-28T11:40:26","guid":{"rendered":"https:\/\/blogs.correiobraziliense.com.br\/capital-sa\/?p=14643"},"modified":"2023-09-28T00:31:05","modified_gmt":"2023-09-28T03:31:05","slug":"cresce-no-df-seguro-que-substitui-o-fiador","status":"publish","type":"post","link":"https:\/\/blogs.correiobraziliense.com.br\/capital-sa\/2023\/09\/28\/cresce-no-df-seguro-que-substitui-o-fiador\/","title":{"rendered":"Cresce no DF seguro que substitui o fiador"},"content":{"rendered":"<div><b>Por Samanta Sallum\u00a0<\/b><\/div>\n<div>\n<p>A decis\u00e3o do STF, em 2021, que consolidou a tese de que \u00e9 constitucional a penhora de bem de fam\u00edlia pertencente a fiador de contrato de loca\u00e7\u00e3o, seja residencial ou comercial, impulsionou o mercado de seguro fian\u00e7a locat\u00edcia. No DF, cada vez mais inquilinos recorrem a ele como garantia do aluguel.<\/p>\n<p>Segundo a FenSeg (Federa\u00e7\u00e3o Nacional de Seguros Gerais), o mercado local arrecadou R$ 11 milh\u00f5es no primeiro semestre de 2023, crescimento de 55% na compara\u00e7\u00e3o com igual per\u00edodo do ano passado.<\/p>\n<p>\u201cNesse cen\u00e1rio, a fian\u00e7a locat\u00edcia se tornou a solu\u00e7\u00e3o mais segura\u201d, afirma Para \u00c1tila Santos, vice-presidente da comiss\u00e3o de riscos de cr\u00e9dito.<\/p>\n<p><b>Resgates<\/b><\/p>\n<p>Nos primeiros seis meses do ano, o total em resgates ficou em R$ 3 milh\u00f5es.O\u00a0\u00a0DF concentra atualmente 43% de toda a arrecada\u00e7\u00e3o com fian\u00e7a locat\u00edcia no Centro-Oeste.<\/p>\n<p>Em todo pa\u00eds, o faturamento ficou em R$ 663 milh\u00f5es, crescimento de 27%.<\/p>\n<p>\u201cO mercado segurador se adequou bem \u00e0 regra da Susep, emitindo ap\u00f3lices pelo per\u00edodo total do contrato,\u00a0\u00a0desenvolvendo o pagamento mensal, como uma assinatura de streaming, sem pesar no bolso do inquilino\u201d, explica \u00c1tila.<\/p>\n<\/div>\n","protected":false},"excerpt":{"rendered":"<p>Por Samanta Sallum\u00a0 A decis\u00e3o do STF, em 2021, que consolidou a tese de que \u00e9 constitucional a penhora de bem de fam\u00edlia pertencente a fiador de contrato de loca\u00e7\u00e3o, seja residencial ou comercial, impulsionou o mercado de seguro fian\u00e7a locat\u00edcia. No DF, cada vez mais inquilinos recorrem a ele como garantia do aluguel. Segundo a FenSeg (Federa\u00e7\u00e3o Nacional de [&hellip;]<\/p>\n","protected":false},"author":125,"featured_media":14646,"comment_status":"open","ping_status":"open","sticky":false,"template":"","format":"standard","meta":{"footnotes":""},"categories":[6],"tags":[],"class_list":["post-14643","post","type-post","status-publish","format-standard","has-post-thumbnail","hentry","category-coluna-capital-s-a"],"_links":{"self":[{"href":"https:\/\/blogs.correiobraziliense.com.br\/capital-sa\/wp-json\/wp\/v2\/posts\/14643","targetHints":{"allow":["GET"]}}],"collection":[{"href":"https:\/\/blogs.correiobraziliense.com.br\/capital-sa\/wp-json\/wp\/v2\/posts"}],"about":[{"href":"https:\/\/blogs.correiobraziliense.com.br\/capital-sa\/wp-json\/wp\/v2\/types\/post"}],"author":[{"embeddable":true,"href":"https:\/\/blogs.correiobraziliense.com.br\/capital-sa\/wp-json\/wp\/v2\/users\/125"}],"replies":[{"embeddable":true,"href":"https:\/\/blogs.correiobraziliense.com.br\/capital-sa\/wp-json\/wp\/v2\/comments?post=14643"}],"version-history":[{"count":3,"href":"https:\/\/blogs.correiobraziliense.com.br\/capital-sa\/wp-json\/wp\/v2\/posts\/14643\/revisions"}],"predecessor-version":[{"id":14647,"href":"https:\/\/blogs.correiobraziliense.com.br\/capital-sa\/wp-json\/wp\/v2\/posts\/14643\/revisions\/14647"}],"wp:featuredmedia":[{"embeddable":true,"href":"https:\/\/blogs.correiobraziliense.com.br\/capital-sa\/wp-json\/wp\/v2\/media\/14646"}],"wp:attachment":[{"href":"https:\/\/blogs.correiobraziliense.com.br\/capital-sa\/wp-json\/wp\/v2\/media?parent=14643"}],"wp:term":[{"taxonomy":"category","embeddable":true,"href":"https:\/\/blogs.correiobraziliense.com.br\/capital-sa\/wp-json\/wp\/v2\/categories?post=14643"},{"taxonomy":"post_tag","embeddable":true,"href":"https:\/\/blogs.correiobraziliense.com.br\/capital-sa\/wp-json\/wp\/v2\/tags?post=14643"}],"curies":[{"name":"wp","href":"https:\/\/api.w.org\/{rel}","templated":true}]}}