{"id":1461,"date":"2021-01-20T14:46:33","date_gmt":"2021-01-20T17:46:33","guid":{"rendered":"https:\/\/blogs.correiobraziliense.com.br\/capital-sa\/?p=1461"},"modified":"2021-01-20T14:46:33","modified_gmt":"2021-01-20T17:46:33","slug":"forte-parceria-para-tratamento-do-cancer","status":"publish","type":"post","link":"https:\/\/blogs.correiobraziliense.com.br\/capital-sa\/2021\/01\/20\/forte-parceria-para-tratamento-do-cancer\/","title":{"rendered":"Forte parceria para tratamento do c\u00e2ncer"},"content":{"rendered":"<p><img loading=\"lazy\" decoding=\"async\" class=\"aligncenter size-medium wp-image-1464\" src=\"https:\/\/blogs.correiobraziliense.com.br\/capital-sa\/wp-content\/uploads\/sites\/59\/2021\/01\/2661CEDF-4569-4618-936E-2D9A5AA085E5-266x300.jpeg\" alt=\"\" width=\"266\" height=\"300\" srcset=\"https:\/\/blogs.correiobraziliense.com.br\/capital-sa\/wp-content\/uploads\/sites\/59\/2021\/01\/2661CEDF-4569-4618-936E-2D9A5AA085E5-266x300.jpeg 266w, https:\/\/blogs.correiobraziliense.com.br\/capital-sa\/wp-content\/uploads\/sites\/59\/2021\/01\/2661CEDF-4569-4618-936E-2D9A5AA085E5-550x620.jpeg 550w, https:\/\/blogs.correiobraziliense.com.br\/capital-sa\/wp-content\/uploads\/sites\/59\/2021\/01\/2661CEDF-4569-4618-936E-2D9A5AA085E5-230x259.jpeg 230w, https:\/\/blogs.correiobraziliense.com.br\/capital-sa\/wp-content\/uploads\/sites\/59\/2021\/01\/2661CEDF-4569-4618-936E-2D9A5AA085E5.jpeg 765w\" sizes=\"auto, (max-width: 266px) 100vw, 266px\" \/><\/p>\n<p>O Grupo Oncocl\u00ednicas e o Hospital Anchieta se uniram para expandir no segmento de oncologia. As duas institui\u00e7\u00f5es firmaram parceria para ampliar a atua\u00e7\u00e3o no tratamento do c\u00e2ncer.<\/p>\n<p>Ser\u00e1 poss\u00edvel oferecer mais especialidades \u2014 entre elas, mama, tumores ginecol\u00f3gicos, urologia, tumores tor\u00e1cicos, gastrointestinal, pulm\u00e3o e pele.<\/p>\n<p><strong>O maior do Brasil<\/strong><\/p>\n<p>O Grupo Oncocl\u00ednicas, com sede em S\u00e3o Paulo, \u00e9 considerado hoje o maior do segmento privado voltado ao tratamento do c\u00e2ncer no Brasil, com presen\u00e7a em 11 estados. Conta com mais de 70 unidades de atendimento, entre cl\u00ednicas pr\u00f3prias e parcerias hospitalares.<\/p>\n<p><strong>Eficiente e humanizado<\/strong><\/p>\n<p>Segundo Ana Carolina Salles (foto) ,\u00a0oncologista da Oncocl\u00ednicas Bras\u00edlia e respons\u00e1vel pelo novo centro de oncologia do Hospital Anchieta, a soma da expertise das duas institui\u00e7\u00f5es permitir\u00e1 a agilidade para o diagn\u00f3stico preciso e o in\u00edcio imediato do tratamento.<\/p>\n<p>\u201cO Anchieta passar\u00e1 a contar com um time composto por oncologistas e cirurgi\u00f5es, que apoiar\u00e1 toda a linha de cuidado ao paciente com suspeita ou diagn\u00f3stico de c\u00e2ncer. Tudo pautado pela humaniza\u00e7\u00e3o na aplica\u00e7\u00e3o das mais atuais condutas terap\u00eauticas\u201d, destaca.<\/p>\n<p><strong>Refer\u00eancia no Centro-Oeste<\/strong><\/p>\n<p>O Hospital Anchieta, fundado h\u00e1 30 anos no DF, \u00e9 refer\u00eancia entre as institui\u00e7\u00f5es hospitalares do Centro-Oeste, com uma linha integral de cuidados em sa\u00fade geral. Foi o primeiro da Am\u00e9rica Latina em seu segmento a conquistar o Selo de Qualidade ISO 9001:2000.<\/p>\n<p>&nbsp;<\/p>\n","protected":false},"excerpt":{"rendered":"<p>O Grupo Oncocl\u00ednicas e o Hospital Anchieta se uniram para expandir no segmento de oncologia. As duas institui\u00e7\u00f5es firmaram parceria para ampliar a atua\u00e7\u00e3o no tratamento do c\u00e2ncer. Ser\u00e1 poss\u00edvel oferecer mais especialidades \u2014 entre elas, mama, tumores ginecol\u00f3gicos, urologia, tumores tor\u00e1cicos, gastrointestinal, pulm\u00e3o e pele. O maior do Brasil O Grupo Oncocl\u00ednicas, com sede em S\u00e3o Paulo, \u00e9 considerado [&hellip;]<\/p>\n","protected":false},"author":125,"featured_media":0,"comment_status":"open","ping_status":"open","sticky":false,"template":"","format":"standard","meta":{"footnotes":""},"categories":[1],"tags":[],"class_list":["post-1461","post","type-post","status-publish","format-standard","hentry","category-sem-categoria"],"_links":{"self":[{"href":"https:\/\/blogs.correiobraziliense.com.br\/capital-sa\/wp-json\/wp\/v2\/posts\/1461","targetHints":{"allow":["GET"]}}],"collection":[{"href":"https:\/\/blogs.correiobraziliense.com.br\/capital-sa\/wp-json\/wp\/v2\/posts"}],"about":[{"href":"https:\/\/blogs.correiobraziliense.com.br\/capital-sa\/wp-json\/wp\/v2\/types\/post"}],"author":[{"embeddable":true,"href":"https:\/\/blogs.correiobraziliense.com.br\/capital-sa\/wp-json\/wp\/v2\/users\/125"}],"replies":[{"embeddable":true,"href":"https:\/\/blogs.correiobraziliense.com.br\/capital-sa\/wp-json\/wp\/v2\/comments?post=1461"}],"version-history":[{"count":3,"href":"https:\/\/blogs.correiobraziliense.com.br\/capital-sa\/wp-json\/wp\/v2\/posts\/1461\/revisions"}],"predecessor-version":[{"id":1465,"href":"https:\/\/blogs.correiobraziliense.com.br\/capital-sa\/wp-json\/wp\/v2\/posts\/1461\/revisions\/1465"}],"wp:attachment":[{"href":"https:\/\/blogs.correiobraziliense.com.br\/capital-sa\/wp-json\/wp\/v2\/media?parent=1461"}],"wp:term":[{"taxonomy":"category","embeddable":true,"href":"https:\/\/blogs.correiobraziliense.com.br\/capital-sa\/wp-json\/wp\/v2\/categories?post=1461"},{"taxonomy":"post_tag","embeddable":true,"href":"https:\/\/blogs.correiobraziliense.com.br\/capital-sa\/wp-json\/wp\/v2\/tags?post=1461"}],"curies":[{"name":"wp","href":"https:\/\/api.w.org\/{rel}","templated":true}]}}