{"id":14599,"date":"2023-09-25T19:39:53","date_gmt":"2023-09-25T22:39:53","guid":{"rendered":"https:\/\/blogs.correiobraziliense.com.br\/capital-sa\/?p=14599"},"modified":"2023-09-25T19:39:53","modified_gmt":"2023-09-25T22:39:53","slug":"grupo-levvo-celebra-25-anos-com-lancamento-de-livro","status":"publish","type":"post","link":"https:\/\/blogs.correiobraziliense.com.br\/capital-sa\/2023\/09\/25\/grupo-levvo-celebra-25-anos-com-lancamento-de-livro\/","title":{"rendered":"Grupo Levvo celebra 25 anos com lan\u00e7amento de livro"},"content":{"rendered":"<p><b>Por Samanta Sallum\u00a0<\/b><\/p>\n<p>Fundado pela empres\u00e1ria Laura Oliveira,\u00a0o grupo possui tr\u00eas frentes de atua\u00e7\u00e3o: food service, respons\u00e1vel por 19 pontos da rede McDonald\u2019s\u00a0no DF e em Goi\u00e1s; energia renov\u00e1vel ; e o trabalho de desenvolvimento social atrav\u00e9s do\u00a0Levvo Instituto. Amanh\u00e3, ser\u00e1 celebrado os 25 anos da marca, em evento para convidados, no Espa\u00e7o Oscar Niemeyer. Na ocasi\u00e3o, a empres\u00e1ria vai lan\u00e7ar o livro autobiogr\u00e1fico <em>Voando Alto: Como Tirar Champanhe de Pedregulho<\/em>.<\/p>\n<p><b>Agenda ESG<\/b><\/p>\n<p>As pr\u00e1ticas da agenda ESG (Environmental, Social and Governance), o pr\u00eamio com selo\u00a0Great Place to Work Brasil\u00a0(GPTW) e engajamento feminino est\u00e3o entre os destaques de atua\u00e7\u00e3o do grupo Levvo.<\/p>\n<p>Com um quadro de colaboradores preenchido 54% por mulheres. A companhia \u00e9 signat\u00e1ria da plataforma dos Princ\u00edpios de Empoderamento das Mulheres (WEP\u2019s) e do movimento Ela por Elas, ambos da ONU. Laura Oliveira tamb\u00e9m \u00e9 vice-presidente do Codese\/DF e integrante dos grupos empresariais LIDE e Mulheres do Brasil.<\/p>\n","protected":false},"excerpt":{"rendered":"<p>Por Samanta Sallum\u00a0 Fundado pela empres\u00e1ria Laura Oliveira,\u00a0o grupo possui tr\u00eas frentes de atua\u00e7\u00e3o: food service, respons\u00e1vel por 19 pontos da rede McDonald\u2019s\u00a0no DF e em Goi\u00e1s; energia renov\u00e1vel ; e o trabalho de desenvolvimento social atrav\u00e9s do\u00a0Levvo Instituto. Amanh\u00e3, ser\u00e1 celebrado os 25 anos da marca, em evento para convidados, no Espa\u00e7o Oscar Niemeyer. Na ocasi\u00e3o, a empres\u00e1ria vai [&hellip;]<\/p>\n","protected":false},"author":125,"featured_media":14602,"comment_status":"open","ping_status":"open","sticky":false,"template":"","format":"standard","meta":{"footnotes":""},"categories":[6],"tags":[],"class_list":["post-14599","post","type-post","status-publish","format-standard","has-post-thumbnail","hentry","category-coluna-capital-s-a"],"_links":{"self":[{"href":"https:\/\/blogs.correiobraziliense.com.br\/capital-sa\/wp-json\/wp\/v2\/posts\/14599","targetHints":{"allow":["GET"]}}],"collection":[{"href":"https:\/\/blogs.correiobraziliense.com.br\/capital-sa\/wp-json\/wp\/v2\/posts"}],"about":[{"href":"https:\/\/blogs.correiobraziliense.com.br\/capital-sa\/wp-json\/wp\/v2\/types\/post"}],"author":[{"embeddable":true,"href":"https:\/\/blogs.correiobraziliense.com.br\/capital-sa\/wp-json\/wp\/v2\/users\/125"}],"replies":[{"embeddable":true,"href":"https:\/\/blogs.correiobraziliense.com.br\/capital-sa\/wp-json\/wp\/v2\/comments?post=14599"}],"version-history":[{"count":3,"href":"https:\/\/blogs.correiobraziliense.com.br\/capital-sa\/wp-json\/wp\/v2\/posts\/14599\/revisions"}],"predecessor-version":[{"id":14603,"href":"https:\/\/blogs.correiobraziliense.com.br\/capital-sa\/wp-json\/wp\/v2\/posts\/14599\/revisions\/14603"}],"wp:featuredmedia":[{"embeddable":true,"href":"https:\/\/blogs.correiobraziliense.com.br\/capital-sa\/wp-json\/wp\/v2\/media\/14602"}],"wp:attachment":[{"href":"https:\/\/blogs.correiobraziliense.com.br\/capital-sa\/wp-json\/wp\/v2\/media?parent=14599"}],"wp:term":[{"taxonomy":"category","embeddable":true,"href":"https:\/\/blogs.correiobraziliense.com.br\/capital-sa\/wp-json\/wp\/v2\/categories?post=14599"},{"taxonomy":"post_tag","embeddable":true,"href":"https:\/\/blogs.correiobraziliense.com.br\/capital-sa\/wp-json\/wp\/v2\/tags?post=14599"}],"curies":[{"name":"wp","href":"https:\/\/api.w.org\/{rel}","templated":true}]}}