{"id":14587,"date":"2023-09-25T12:51:37","date_gmt":"2023-09-25T15:51:37","guid":{"rendered":"https:\/\/blogs.correiobraziliense.com.br\/capital-sa\/?p=14587"},"modified":"2023-09-25T12:52:32","modified_gmt":"2023-09-25T15:52:32","slug":"sefaz-df-acata-pedido-de-entrega-de-cargos-de-auditores-fiscais","status":"publish","type":"post","link":"https:\/\/blogs.correiobraziliense.com.br\/capital-sa\/2023\/09\/25\/sefaz-df-acata-pedido-de-entrega-de-cargos-de-auditores-fiscais\/","title":{"rendered":"Sefaz\/DF acata pedido de entrega de cargos de auditores fiscais"},"content":{"rendered":"<div>\n<p><i>Categoria informou que opera\u00e7\u00e3o padr\u00e3o continua e que a falta de servidores pode inviabilizar o Refis\u00a0<\/i><\/p>\n<p><b>Por Samanta Sallum\u00a0<\/b><\/p>\n<\/div>\n<div>\n<div class=\"gmail_attr\">\n<p><span style=\"font-size: large\">A\u00a0 Secretaria de\u00a0<\/span>Fazenda acatou o pedido de exonera\u00e7\u00e3o de auditores fiscais de cargos comissionados, que entregaram 140 \u00a0postos em protesto \u00e0s condi\u00e7\u00f5es de trabalho. O org\u00e3o informou que, em breve, ser\u00e3o feitas as novas nomea\u00e7\u00f5es \u201cpara que n\u00e3o haja interrup\u00e7\u00f5es na presta\u00e7\u00e3o dos servi\u00e7os essenciais aos\u00a0contribuintes.\u201d<\/p>\n<\/div>\n<div class=\"gmail_attr\">Os sindicatos da categoria, Sinafite e Sindfisco, iniciaram opera\u00e7\u00e3o padr\u00e3o na semana passada. Eles afirmam que a falta de servidores pode inviabilizar a realiza\u00e7\u00e3o do Programa<\/div>\n<div>de Refinanciamento de D\u00edvidas Fiscais, previsto para novembro.<\/p>\n<\/div>\n<div><\/div>\n<p><b>Ibaneis indica mediador<\/b><\/p>\n<p>O governador Ibaneis Rocha indicou o secret\u00e1rio de Planejamento, Ney Ferraz, como mediador da situa\u00e7\u00e3o. Ele chamou os servidores para uma reuni\u00e3o hoje, \u00e0s 15h, no Buriti. Os auditores fiscais reclamam que o sal\u00e1rio da categoria no DF \u00e9 o 26o mais baixo do pa\u00eds. Ou seja, est\u00e1 em pen\u00faltimo lugar. E que isso gera uma evas\u00e3o de profissionais para outras carreiras e estados.<\/p>\n<p><b>Benef\u00edcios<\/b><\/p>\n<p>A Secretaria de Fazenda informou que permanece aberta ao di\u00e1logo com a categoria. \u201cA Sefaz tem atuado continuamente para melhoria das condi\u00e7\u00f5es de trabalho dos auditores e demais servidores da pasta. S\u00f3 neste ano, os auditores tiveram a renova\u00e7\u00e3o da frota de carros, cont\u00ednuos investimentos em Informatiza\u00e7\u00e3o e Intelig\u00eancia Artificial para incremento tecnol\u00f3gico, o que inclusive possibilitou novos sistemas de gest\u00e3o para o ISS e tamb\u00e9m a ades\u00e3o ao CFIT.\u201d Segundo o \u00f3rg\u00e3o, entre 2022 e 2023, foram assinadas medidas com benef\u00edcios financeiros para eles.<\/p>\n<\/div>\n","protected":false},"excerpt":{"rendered":"<p>Categoria informou que opera\u00e7\u00e3o padr\u00e3o continua e que a falta de servidores pode inviabilizar o Refis\u00a0 Por Samanta Sallum\u00a0 A\u00a0 Secretaria de\u00a0Fazenda acatou o pedido de exonera\u00e7\u00e3o de auditores fiscais de cargos comissionados, que entregaram 140 \u00a0postos em protesto \u00e0s condi\u00e7\u00f5es de trabalho. O org\u00e3o informou que, em breve, ser\u00e3o feitas as novas nomea\u00e7\u00f5es \u201cpara que n\u00e3o haja interrup\u00e7\u00f5es na [&hellip;]<\/p>\n","protected":false},"author":125,"featured_media":14592,"comment_status":"open","ping_status":"open","sticky":false,"template":"","format":"standard","meta":{"footnotes":""},"categories":[6],"tags":[],"class_list":["post-14587","post","type-post","status-publish","format-standard","has-post-thumbnail","hentry","category-coluna-capital-s-a"],"_links":{"self":[{"href":"https:\/\/blogs.correiobraziliense.com.br\/capital-sa\/wp-json\/wp\/v2\/posts\/14587","targetHints":{"allow":["GET"]}}],"collection":[{"href":"https:\/\/blogs.correiobraziliense.com.br\/capital-sa\/wp-json\/wp\/v2\/posts"}],"about":[{"href":"https:\/\/blogs.correiobraziliense.com.br\/capital-sa\/wp-json\/wp\/v2\/types\/post"}],"author":[{"embeddable":true,"href":"https:\/\/blogs.correiobraziliense.com.br\/capital-sa\/wp-json\/wp\/v2\/users\/125"}],"replies":[{"embeddable":true,"href":"https:\/\/blogs.correiobraziliense.com.br\/capital-sa\/wp-json\/wp\/v2\/comments?post=14587"}],"version-history":[{"count":5,"href":"https:\/\/blogs.correiobraziliense.com.br\/capital-sa\/wp-json\/wp\/v2\/posts\/14587\/revisions"}],"predecessor-version":[{"id":14593,"href":"https:\/\/blogs.correiobraziliense.com.br\/capital-sa\/wp-json\/wp\/v2\/posts\/14587\/revisions\/14593"}],"wp:featuredmedia":[{"embeddable":true,"href":"https:\/\/blogs.correiobraziliense.com.br\/capital-sa\/wp-json\/wp\/v2\/media\/14592"}],"wp:attachment":[{"href":"https:\/\/blogs.correiobraziliense.com.br\/capital-sa\/wp-json\/wp\/v2\/media?parent=14587"}],"wp:term":[{"taxonomy":"category","embeddable":true,"href":"https:\/\/blogs.correiobraziliense.com.br\/capital-sa\/wp-json\/wp\/v2\/categories?post=14587"},{"taxonomy":"post_tag","embeddable":true,"href":"https:\/\/blogs.correiobraziliense.com.br\/capital-sa\/wp-json\/wp\/v2\/tags?post=14587"}],"curies":[{"name":"wp","href":"https:\/\/api.w.org\/{rel}","templated":true}]}}