{"id":14466,"date":"2023-09-18T08:38:20","date_gmt":"2023-09-18T11:38:20","guid":{"rendered":"https:\/\/blogs.correiobraziliense.com.br\/capital-sa\/?p=14466"},"modified":"2023-09-17T21:39:02","modified_gmt":"2023-09-18T00:39:02","slug":"mais-apoio-a-empreendedores-com-reforco-ao-microcredito","status":"publish","type":"post","link":"https:\/\/blogs.correiobraziliense.com.br\/capital-sa\/2023\/09\/18\/mais-apoio-a-empreendedores-com-reforco-ao-microcredito\/","title":{"rendered":"Mais apoio a empreendedores com refor\u00e7o ao microcr\u00e9dito"},"content":{"rendered":"<p class=\"p1\"><b>Por Samanta Sallum\u00a0<\/b><\/p>\n<p class=\"p1\"><span class=\"s1\">A CAIXA assinou acordo de coopera\u00e7\u00e3o t\u00e9cnica para fomento ao empreendedorismo. Foi apresentada a nova estrat\u00e9gia de Microcr\u00e9dito Produtivo Orientado. O banco vai atuar junto \u00e0 Associa\u00e7\u00e3o Brasileira de Entidades Operadoras de Microcr\u00e9dito e Microfinan\u00e7as (ABCRED) no repasse de recursos dessa modalidade.<\/span><\/p>\n<p class=\"p1\"><span class=\"s1\">Participaram do evento o vice-presidente da Rep\u00fablica, Geraldo Alckmin, a presidenta da CAIXA, Maria Rita Serrano, a presidenta da ABCRED, Isabel Baggio, autoridades e empreendedores convidados.<\/span><\/p>\n<p class=\"p1\"><span class=\"s1\">A principal a\u00e7\u00e3o adotada pelo banco foi a reabertura da linha Microcr\u00e9dito CAIXA Repasse, com o objetivo de conceder cr\u00e9dito \u00e0s entidades autorizadas a operar ou participar do Programa Nacional de Microcr\u00e9dito Produtivo Orientado (PNMPO).<\/span><\/p>\n<p class=\"p1\"><b>R$ 300 milh\u00f5es<\/b><br \/>\nTotal de recibo para o microcr\u00e9dito<\/p>\n<p class=\"p1\"><span class=\"s1\"><b>160 mil<\/b><br \/>\n<\/span>\u00c9 o n\u00famero de empreendedores a serem beneficiados esse ano<\/p>\n<p>Condi\u00e7\u00f5es:<\/p>\n<p>O produto \u00e9 exclusivo para Entidades Operadoras de Microcr\u00e9dito e Microfinan\u00e7as e est\u00e1 dispon\u00edvel para contrata\u00e7\u00e3o nas ag\u00eancias da CAIXA com os seguintes par\u00e2metros:<\/p>\n<p class=\"p1\"><span class=\"s2\">\u25aa<\/span><span class=\"s1\"> Valor m\u00ednimo de R$ 100 mil;<\/span><\/p>\n<p class=\"p1\"><span class=\"s2\">\u25aa<\/span><span class=\"s1\"> Valor m\u00e1ximo, conforme limite dispon\u00edvel na avalia\u00e7\u00e3o de risco de cr\u00e9dito;<\/span><\/p>\n<p class=\"p1\"><span class=\"s2\">\u25aa<\/span><span class=\"s1\"> Prazo de 48 meses (j\u00e1 inclu\u00edda a car\u00eancia de at\u00e9 6 meses);<\/span><\/p>\n<p class=\"p1\"><span class=\"s2\">\u25aa<\/span><span class=\"s1\"> Garantia (100%): cess\u00e3o de direitos credit\u00f3rios representados por receb\u00edveis de contratos de concess\u00e3o de Microcr\u00e9dito Produtivo Orientado realizados pela proponente junto aos tomadores finais, tramitados em cobran\u00e7a banc\u00e1ria;<\/span><\/p>\n<p class=\"p1\"><span class=\"s2\">\u25aa<\/span><span class=\"s1\"> Taxa de juros a partir de 0,69% a.m., customizada conforme perfil da opera\u00e7\u00e3o;<\/span><\/p>\n<p class=\"p1\"><span class=\"s2\">\u25aa<\/span><span class=\"s1\"> TAC: 1% sobre o valor do contrato.<\/span><\/p>\n","protected":false},"excerpt":{"rendered":"<p>Por Samanta Sallum\u00a0 A CAIXA assinou acordo de coopera\u00e7\u00e3o t\u00e9cnica para fomento ao empreendedorismo. Foi apresentada a nova estrat\u00e9gia de Microcr\u00e9dito Produtivo Orientado. O banco vai atuar junto \u00e0 Associa\u00e7\u00e3o Brasileira de Entidades Operadoras de Microcr\u00e9dito e Microfinan\u00e7as (ABCRED) no repasse de recursos dessa modalidade. Participaram do evento o vice-presidente da Rep\u00fablica, Geraldo Alckmin, a presidenta da CAIXA, Maria Rita [&hellip;]<\/p>\n","protected":false},"author":125,"featured_media":14473,"comment_status":"open","ping_status":"open","sticky":false,"template":"","format":"standard","meta":{"footnotes":""},"categories":[6],"tags":[],"class_list":["post-14466","post","type-post","status-publish","format-standard","has-post-thumbnail","hentry","category-coluna-capital-s-a"],"_links":{"self":[{"href":"https:\/\/blogs.correiobraziliense.com.br\/capital-sa\/wp-json\/wp\/v2\/posts\/14466","targetHints":{"allow":["GET"]}}],"collection":[{"href":"https:\/\/blogs.correiobraziliense.com.br\/capital-sa\/wp-json\/wp\/v2\/posts"}],"about":[{"href":"https:\/\/blogs.correiobraziliense.com.br\/capital-sa\/wp-json\/wp\/v2\/types\/post"}],"author":[{"embeddable":true,"href":"https:\/\/blogs.correiobraziliense.com.br\/capital-sa\/wp-json\/wp\/v2\/users\/125"}],"replies":[{"embeddable":true,"href":"https:\/\/blogs.correiobraziliense.com.br\/capital-sa\/wp-json\/wp\/v2\/comments?post=14466"}],"version-history":[{"count":6,"href":"https:\/\/blogs.correiobraziliense.com.br\/capital-sa\/wp-json\/wp\/v2\/posts\/14466\/revisions"}],"predecessor-version":[{"id":14472,"href":"https:\/\/blogs.correiobraziliense.com.br\/capital-sa\/wp-json\/wp\/v2\/posts\/14466\/revisions\/14472"}],"wp:featuredmedia":[{"embeddable":true,"href":"https:\/\/blogs.correiobraziliense.com.br\/capital-sa\/wp-json\/wp\/v2\/media\/14473"}],"wp:attachment":[{"href":"https:\/\/blogs.correiobraziliense.com.br\/capital-sa\/wp-json\/wp\/v2\/media?parent=14466"}],"wp:term":[{"taxonomy":"category","embeddable":true,"href":"https:\/\/blogs.correiobraziliense.com.br\/capital-sa\/wp-json\/wp\/v2\/categories?post=14466"},{"taxonomy":"post_tag","embeddable":true,"href":"https:\/\/blogs.correiobraziliense.com.br\/capital-sa\/wp-json\/wp\/v2\/tags?post=14466"}],"curies":[{"name":"wp","href":"https:\/\/api.w.org\/{rel}","templated":true}]}}