{"id":14460,"date":"2023-09-18T08:26:23","date_gmt":"2023-09-18T11:26:23","guid":{"rendered":"https:\/\/blogs.correiobraziliense.com.br\/capital-sa\/?p=14460"},"modified":"2023-09-17T21:27:03","modified_gmt":"2023-09-18T00:27:03","slug":"fenavist-reune-parlamentares-para-tratar-de-reforma-tributaria","status":"publish","type":"post","link":"https:\/\/blogs.correiobraziliense.com.br\/capital-sa\/2023\/09\/18\/fenavist-reune-parlamentares-para-tratar-de-reforma-tributaria\/","title":{"rendered":"Fenavist re\u00fane parlamentares para tratar de reforma tribut\u00e1ria"},"content":{"rendered":"<p><b>Por Samanta Sallum\u00a0<\/b><\/p>\n<p class=\"p1\">A Federa\u00e7\u00e3o Nacional das Empresas de Seguran\u00e7a e Transporte de Valores (Fenavist) realizou um almo\u00e7o, na sede da CNC, em Bras\u00edlia, para tratar do texto da reforma tribut\u00e1ria. Convidou senadores e deputados. O presidente da entidade, Jeferson Naz\u00e1rio, manifestou a preocupa\u00e7\u00e3o com o aumento de carga tribut\u00e1ria principalmente sobre os setores que prestam servi\u00e7os cont\u00ednuos, com preval\u00eancia de m\u00e3o de obra, como \u00e9 o caso da seguran\u00e7a privada.<\/p>\n<p class=\"p1\">Naz\u00e1rio apontou que o setor j\u00e1 empregou 750 mil vigilantes, e que hoje conta com apenas 450 mil. O presidente do Sistema Fecom\u00e9rcio-DF, Jos\u00e9 Aparecido Freire, que tamb\u00e9m \u00e9 vice-presidente da CNC, representou o presidente da Confedera\u00e7\u00e3o, Jos\u00e9 Roberto Tadros. Entre os parlamentares presentes, Ciro Nogueira e Damares Alves.<\/p>\n<p class=\"p1\"><span class=\"s1\">\u201cO Senado Federal, com certeza, far\u00e1 corre\u00e7\u00f5es e ajustes no texto aprovado na C\u00e2mara dos Deputados. \u00c9 importante frisar que, n\u00f3s do setor empresarial, n\u00e3o somos contra a Reforma Tribut\u00e1ria. Muito pelo contr\u00e1rio. Somos a favor, mas \u00e9 necess\u00e1rio que haja um aprofundamento das discuss\u00f5es para que nenhum setor seja prejudicado, inclusive o setor de servi\u00e7os\u201d, destacou Jos\u00e9 Aparecido, no encontro realizado na semana passada.<\/span><\/p>\n","protected":false},"excerpt":{"rendered":"<p>Por Samanta Sallum\u00a0 A Federa\u00e7\u00e3o Nacional das Empresas de Seguran\u00e7a e Transporte de Valores (Fenavist) realizou um almo\u00e7o, na sede da CNC, em Bras\u00edlia, para tratar do texto da reforma tribut\u00e1ria. Convidou senadores e deputados. O presidente da entidade, Jeferson Naz\u00e1rio, manifestou a preocupa\u00e7\u00e3o com o aumento de carga tribut\u00e1ria principalmente sobre os setores que prestam servi\u00e7os cont\u00ednuos, com preval\u00eancia [&hellip;]<\/p>\n","protected":false},"author":125,"featured_media":14464,"comment_status":"open","ping_status":"open","sticky":false,"template":"","format":"standard","meta":{"footnotes":""},"categories":[6],"tags":[],"class_list":["post-14460","post","type-post","status-publish","format-standard","has-post-thumbnail","hentry","category-coluna-capital-s-a"],"_links":{"self":[{"href":"https:\/\/blogs.correiobraziliense.com.br\/capital-sa\/wp-json\/wp\/v2\/posts\/14460","targetHints":{"allow":["GET"]}}],"collection":[{"href":"https:\/\/blogs.correiobraziliense.com.br\/capital-sa\/wp-json\/wp\/v2\/posts"}],"about":[{"href":"https:\/\/blogs.correiobraziliense.com.br\/capital-sa\/wp-json\/wp\/v2\/types\/post"}],"author":[{"embeddable":true,"href":"https:\/\/blogs.correiobraziliense.com.br\/capital-sa\/wp-json\/wp\/v2\/users\/125"}],"replies":[{"embeddable":true,"href":"https:\/\/blogs.correiobraziliense.com.br\/capital-sa\/wp-json\/wp\/v2\/comments?post=14460"}],"version-history":[{"count":4,"href":"https:\/\/blogs.correiobraziliense.com.br\/capital-sa\/wp-json\/wp\/v2\/posts\/14460\/revisions"}],"predecessor-version":[{"id":14465,"href":"https:\/\/blogs.correiobraziliense.com.br\/capital-sa\/wp-json\/wp\/v2\/posts\/14460\/revisions\/14465"}],"wp:featuredmedia":[{"embeddable":true,"href":"https:\/\/blogs.correiobraziliense.com.br\/capital-sa\/wp-json\/wp\/v2\/media\/14464"}],"wp:attachment":[{"href":"https:\/\/blogs.correiobraziliense.com.br\/capital-sa\/wp-json\/wp\/v2\/media?parent=14460"}],"wp:term":[{"taxonomy":"category","embeddable":true,"href":"https:\/\/blogs.correiobraziliense.com.br\/capital-sa\/wp-json\/wp\/v2\/categories?post=14460"},{"taxonomy":"post_tag","embeddable":true,"href":"https:\/\/blogs.correiobraziliense.com.br\/capital-sa\/wp-json\/wp\/v2\/tags?post=14460"}],"curies":[{"name":"wp","href":"https:\/\/api.w.org\/{rel}","templated":true}]}}