{"id":14395,"date":"2023-09-12T14:13:15","date_gmt":"2023-09-12T17:13:15","guid":{"rendered":"https:\/\/blogs.correiobraziliense.com.br\/capital-sa\/?p=14395"},"modified":"2023-09-12T14:13:58","modified_gmt":"2023-09-12T17:13:58","slug":"cdl-defende-uso-residencial-em-areas-comerciais-de-taguatinga","status":"publish","type":"post","link":"https:\/\/blogs.correiobraziliense.com.br\/capital-sa\/2023\/09\/12\/cdl-defende-uso-residencial-em-areas-comerciais-de-taguatinga\/","title":{"rendered":"CDL defende uso residencial em \u00e1reas comerciais de Taguatinga"},"content":{"rendered":"<p class=\"p1\"><b>Por Samanta Sallum\u00a0<\/b><\/p>\n<p class=\"p1\"><span class=\"s1\">A C\u00e2mara de Dirigentes Lojistas do Distrito Federal (CDL\/DF) est\u00e1 participando ativamente das discuss\u00f5es sobre a PDOT de Taguatinga. Na \u00faltima audi\u00eancia p\u00fablica, pomovida pelo Seduh (GDF), apresentou oficialmente proposta de aumento do potencial construtivo em trechos de avenidas importantes da regi\u00e3o. E, principalmente, defendeu o uso misto das edifica\u00e7\u00f5es.<br \/>\n<\/span><\/p>\n<p class=\"p1\"><span class=\"s1\">\u201c\u00c9 uma sugest\u00e3o para otimizar essas \u00e1reas. A proposta \u00e9 poder se construir pr\u00e9dios para uso do com\u00e9rcio no t\u00e9rreo e com os andares superiores para moradia. Assim, se cria fluxo de pessoas nessas \u00e1reas, que est\u00e3o ficando esvaziadas. Queremos evitar, nessas avenidas, o que aconteceu com a W3 no Plano Piloto\u201d, explicou \u00e0 coluna, o presidente da CDL\/DF, Wagner Silveira Jr. A proposta engloba as avenidas Comercial Norte, Comercial Sul; Sand\u00fa Norte e Sul, e Pist\u00e3o. <\/span><\/p>\n<p class=\"p1\"><span class=\"s1\"><b>Doa\u00e7\u00e3o de painel de grafite<\/b><\/span><\/p>\n<p><img loading=\"lazy\" decoding=\"async\" class=\"aligncenter size-medium wp-image-14401\" src=\"https:\/\/blogs.correiobraziliense.com.br\/capital-sa\/wp-content\/uploads\/sites\/59\/2023\/09\/69A787B2-3B63-44A4-95F8-0B9212C43C59-300x191.jpeg\" alt=\"\" width=\"300\" height=\"191\" srcset=\"https:\/\/blogs.correiobraziliense.com.br\/capital-sa\/wp-content\/uploads\/sites\/59\/2023\/09\/69A787B2-3B63-44A4-95F8-0B9212C43C59-300x191.jpeg 300w, https:\/\/blogs.correiobraziliense.com.br\/capital-sa\/wp-content\/uploads\/sites\/59\/2023\/09\/69A787B2-3B63-44A4-95F8-0B9212C43C59-768x488.jpeg 768w, https:\/\/blogs.correiobraziliense.com.br\/capital-sa\/wp-content\/uploads\/sites\/59\/2023\/09\/69A787B2-3B63-44A4-95F8-0B9212C43C59-550x349.jpeg 550w, https:\/\/blogs.correiobraziliense.com.br\/capital-sa\/wp-content\/uploads\/sites\/59\/2023\/09\/69A787B2-3B63-44A4-95F8-0B9212C43C59-230x146.jpeg 230w, https:\/\/blogs.correiobraziliense.com.br\/capital-sa\/wp-content\/uploads\/sites\/59\/2023\/09\/69A787B2-3B63-44A4-95F8-0B9212C43C59.jpeg 773w\" sizes=\"auto, (max-width: 300px) 100vw, 300px\" \/><\/p>\n<p class=\"p1\"><span class=\"s1\">A atual dire\u00e7\u00e3o da CDL, composta por Wagner Silveira (presidente), Eduardo Neto (1\u00ba vice -presidente) e\u00a0<\/span>Samuel Vasconcelos (2\u00ba vice-presidente), est\u00e1 \u00e0 frente da entidade desde 2021.<\/p>\n<p><img loading=\"lazy\" decoding=\"async\" class=\"aligncenter size-medium wp-image-14402\" src=\"https:\/\/blogs.correiobraziliense.com.br\/capital-sa\/wp-content\/uploads\/sites\/59\/2023\/09\/A85F087E-DA0D-42A6-B11F-AF3E4D17FCE7-300x200.jpeg\" alt=\"\" width=\"300\" height=\"200\" srcset=\"https:\/\/blogs.correiobraziliense.com.br\/capital-sa\/wp-content\/uploads\/sites\/59\/2023\/09\/A85F087E-DA0D-42A6-B11F-AF3E4D17FCE7-300x200.jpeg 300w, https:\/\/blogs.correiobraziliense.com.br\/capital-sa\/wp-content\/uploads\/sites\/59\/2023\/09\/A85F087E-DA0D-42A6-B11F-AF3E4D17FCE7-768x512.jpeg 768w, https:\/\/blogs.correiobraziliense.com.br\/capital-sa\/wp-content\/uploads\/sites\/59\/2023\/09\/A85F087E-DA0D-42A6-B11F-AF3E4D17FCE7-1024x682.jpeg 1024w, https:\/\/blogs.correiobraziliense.com.br\/capital-sa\/wp-content\/uploads\/sites\/59\/2023\/09\/A85F087E-DA0D-42A6-B11F-AF3E4D17FCE7-800x533.jpeg 800w, https:\/\/blogs.correiobraziliense.com.br\/capital-sa\/wp-content\/uploads\/sites\/59\/2023\/09\/A85F087E-DA0D-42A6-B11F-AF3E4D17FCE7-550x367.jpeg 550w, https:\/\/blogs.correiobraziliense.com.br\/capital-sa\/wp-content\/uploads\/sites\/59\/2023\/09\/A85F087E-DA0D-42A6-B11F-AF3E4D17FCE7-230x153.jpeg 230w, https:\/\/blogs.correiobraziliense.com.br\/capital-sa\/wp-content\/uploads\/sites\/59\/2023\/09\/A85F087E-DA0D-42A6-B11F-AF3E4D17FCE7.jpeg 1280w\" sizes=\"auto, (max-width: 300px) 100vw, 300px\" \/><\/p>\n<p class=\"p1\">Depois de ter doado o painel de grafite na 506 da W3 Sul (foto), far\u00e1 o mesmo em Taguatinga. Vai patrocinar a arte dos grafiteiros na estrutura de concreto de entrada da \u00e1rea de manuten\u00e7\u00e3o do t\u00fanel Rei Pel\u00e9, para proteger de picha\u00e7\u00f5es.<\/p>\n<blockquote>\n<p class=\"p1\"><span class=\"s1\">\u201cA CDL se preocupa com o futuro urban\u00edstico dessas regi\u00f5es para que o com\u00e9rcio de rua n\u00e3o morra. Queremos colaborar, impedindo que entrem em deprecia\u00e7\u00e3o\u201d, refor\u00e7a Wagner. <\/span><\/p>\n<\/blockquote>\n<p class=\"p1\"><span class=\"s1\"><b>Anivers\u00e1rio<\/b><\/span><\/p>\n<p class=\"p1\"><span class=\"s1\">A CDL\/DF foi fundada em abril de 1965 e hoje conta com 3, 5 mil associados. J\u00e1, neste m\u00eas, \u00e9 a CDL Jovem que est\u00e1 de anivers\u00e1rio. Completa 25 anos. \u00c9 o bra\u00e7o da entidade voltado \u00e0 inser\u00e7\u00e3o de jovens empreendedores no setor varejista da capital. O grupo se consolidou com a iniciativa do Dia Livre de Impostos.<\/span><\/p>\n<p><img loading=\"lazy\" decoding=\"async\" class=\"aligncenter size-medium wp-image-14403\" src=\"https:\/\/blogs.correiobraziliense.com.br\/capital-sa\/wp-content\/uploads\/sites\/59\/2023\/09\/BF037BA8-9021-4B8C-A54B-5C4BD1AF59F3-300x271.jpeg\" alt=\"\" width=\"300\" height=\"271\" srcset=\"https:\/\/blogs.correiobraziliense.com.br\/capital-sa\/wp-content\/uploads\/sites\/59\/2023\/09\/BF037BA8-9021-4B8C-A54B-5C4BD1AF59F3-300x271.jpeg 300w, https:\/\/blogs.correiobraziliense.com.br\/capital-sa\/wp-content\/uploads\/sites\/59\/2023\/09\/BF037BA8-9021-4B8C-A54B-5C4BD1AF59F3-768x693.jpeg 768w, https:\/\/blogs.correiobraziliense.com.br\/capital-sa\/wp-content\/uploads\/sites\/59\/2023\/09\/BF037BA8-9021-4B8C-A54B-5C4BD1AF59F3-1024x925.jpeg 1024w, https:\/\/blogs.correiobraziliense.com.br\/capital-sa\/wp-content\/uploads\/sites\/59\/2023\/09\/BF037BA8-9021-4B8C-A54B-5C4BD1AF59F3-800x722.jpeg 800w, https:\/\/blogs.correiobraziliense.com.br\/capital-sa\/wp-content\/uploads\/sites\/59\/2023\/09\/BF037BA8-9021-4B8C-A54B-5C4BD1AF59F3-550x497.jpeg 550w, https:\/\/blogs.correiobraziliense.com.br\/capital-sa\/wp-content\/uploads\/sites\/59\/2023\/09\/BF037BA8-9021-4B8C-A54B-5C4BD1AF59F3-230x208.jpeg 230w, https:\/\/blogs.correiobraziliense.com.br\/capital-sa\/wp-content\/uploads\/sites\/59\/2023\/09\/BF037BA8-9021-4B8C-A54B-5C4BD1AF59F3.jpeg 1061w\" sizes=\"auto, (max-width: 300px) 100vw, 300px\" \/><\/p>\n<p class=\"p1\"><span class=\"s1\">Os lojistas colocam \u00e0 venda produtos sem o valor dos impostos, como forma de demonstrar, na pr\u00e1tica, o que significam os tributos para o bolso do consumidor. O coordenador-geral da CDL Jovem-DF \u00e9 o empres\u00e1rio Hugo Leite. <\/span><\/p>\n","protected":false},"excerpt":{"rendered":"<p>Por Samanta Sallum\u00a0 A C\u00e2mara de Dirigentes Lojistas do Distrito Federal (CDL\/DF) est\u00e1 participando ativamente das discuss\u00f5es sobre a PDOT de Taguatinga. Na \u00faltima audi\u00eancia p\u00fablica, pomovida pelo Seduh (GDF), apresentou oficialmente proposta de aumento do potencial construtivo em trechos de avenidas importantes da regi\u00e3o. E, principalmente, defendeu o uso misto das edifica\u00e7\u00f5es. \u201c\u00c9 uma sugest\u00e3o para otimizar essas \u00e1reas. [&hellip;]<\/p>\n","protected":false},"author":125,"featured_media":14399,"comment_status":"open","ping_status":"open","sticky":false,"template":"","format":"standard","meta":{"footnotes":""},"categories":[6],"tags":[],"class_list":["post-14395","post","type-post","status-publish","format-standard","has-post-thumbnail","hentry","category-coluna-capital-s-a"],"_links":{"self":[{"href":"https:\/\/blogs.correiobraziliense.com.br\/capital-sa\/wp-json\/wp\/v2\/posts\/14395","targetHints":{"allow":["GET"]}}],"collection":[{"href":"https:\/\/blogs.correiobraziliense.com.br\/capital-sa\/wp-json\/wp\/v2\/posts"}],"about":[{"href":"https:\/\/blogs.correiobraziliense.com.br\/capital-sa\/wp-json\/wp\/v2\/types\/post"}],"author":[{"embeddable":true,"href":"https:\/\/blogs.correiobraziliense.com.br\/capital-sa\/wp-json\/wp\/v2\/users\/125"}],"replies":[{"embeddable":true,"href":"https:\/\/blogs.correiobraziliense.com.br\/capital-sa\/wp-json\/wp\/v2\/comments?post=14395"}],"version-history":[{"count":5,"href":"https:\/\/blogs.correiobraziliense.com.br\/capital-sa\/wp-json\/wp\/v2\/posts\/14395\/revisions"}],"predecessor-version":[{"id":14405,"href":"https:\/\/blogs.correiobraziliense.com.br\/capital-sa\/wp-json\/wp\/v2\/posts\/14395\/revisions\/14405"}],"wp:featuredmedia":[{"embeddable":true,"href":"https:\/\/blogs.correiobraziliense.com.br\/capital-sa\/wp-json\/wp\/v2\/media\/14399"}],"wp:attachment":[{"href":"https:\/\/blogs.correiobraziliense.com.br\/capital-sa\/wp-json\/wp\/v2\/media?parent=14395"}],"wp:term":[{"taxonomy":"category","embeddable":true,"href":"https:\/\/blogs.correiobraziliense.com.br\/capital-sa\/wp-json\/wp\/v2\/categories?post=14395"},{"taxonomy":"post_tag","embeddable":true,"href":"https:\/\/blogs.correiobraziliense.com.br\/capital-sa\/wp-json\/wp\/v2\/tags?post=14395"}],"curies":[{"name":"wp","href":"https:\/\/api.w.org\/{rel}","templated":true}]}}