{"id":14371,"date":"2023-09-11T14:29:16","date_gmt":"2023-09-11T17:29:16","guid":{"rendered":"https:\/\/blogs.correiobraziliense.com.br\/capital-sa\/?p=14371"},"modified":"2023-09-11T17:40:36","modified_gmt":"2023-09-11T20:40:36","slug":"tensao-entre-febraban-e-abrasel-por-causa-do-parcelamento-sem-juros","status":"publish","type":"post","link":"https:\/\/blogs.correiobraziliense.com.br\/capital-sa\/2023\/09\/11\/tensao-entre-febraban-e-abrasel-por-causa-do-parcelamento-sem-juros\/","title":{"rendered":"Tens\u00e3o entre Febraban e Abrasel por causa do parcelamento sem juros"},"content":{"rendered":"<p class=\"p1\"><b>Por Samanta Sallum\u00a0<\/b><\/p>\n<p class=\"p1\"><span class=\"s1\">Os bancos Bradesco, Ita\u00fa e Santander, junto com a Febraban, conseguiram liminar no Conar (Conselho Nacional de Autorregulamenta\u00e7\u00e3o Publicit\u00e1ria) para que a Abrasel tire do ar a campanha em defesa do parcelamento sem juros no cart\u00e3o. Na vis\u00e3o da Abrasel, o fim ou altera\u00e7\u00f5es desta modalidade de pagamento, que representa<span class=\"Apple-converted-space\">\u00a0 <\/span>75% do total gasto com cart\u00e3o de cr\u00e9dito no pa\u00eds, traria perdas para os cidad\u00e3os, para o setor de com\u00e9rcio e servi\u00e7os e para o pa\u00eds, \u201cem benef\u00edcio exclusivo de institui\u00e7\u00f5es financeiras.\u201d<br \/>\n<\/span><\/p>\n<p class=\"p1\"><span class=\"s1\">A Febraban alega que nunca teve a inten\u00e7\u00e3o de acabar com o parcelamento sem juros e que apenas quer aprimorar. Acusou a propaganda da Abrasel de tentar confundir a opini\u00e3o p\u00fablica. <\/span><\/p>\n<p class=\"p1\">A pol\u00eamica com a rea\u00e7\u00e3o da Febraban fez o v\u00eddeo da Abrasel ganhar ainda mais visualiza\u00e7\u00f5es e apoio. J\u00e1 est\u00e1 perto de 1 milh\u00e3o. A entidade que representa todos os estabelecimentos de alimenta\u00e7\u00e3o fora do lar (restaurantes, bares, lanchonetes, etc) informou que vai manter os v\u00eddeos da campanha institucional no ar, e que n\u00e3o \u00e9 associada ao Conar.<\/p>\n<p class=\"p1\"><span class=\"s1\">\u201cNo pr\u00f3prio pedido ao Conar, os bancos reconhecem que entregaram estudo ao governo apontando necessidade de mexer no parcelado sem juros. Para isso usam eufemismos, como _redesenho_ ou _remodelagem_. O que a Abrasel fez foi trazer este alerta para a sociedade\u201d, afirmou \u00e0 coluna, o presidente da Abrasel, Paulo Solmucci.<\/span><\/p>\n<p>O meio pol\u00edtico tamb\u00e9m se manifestou. O deputado Domingos S\u00e1vio (PL), presidente da Frente Parlamentar de Com\u00e9rcio e Servi\u00e7os, criticou os bancos. \u201cQuerer acabar com o parcelado sem juros \u00e9 ambi\u00e7\u00e3o desmedida de alguns e isso jamais poder\u00e1 ter o apoio do Congresso ou do Banco Central\u201d, disse o parlamentar.<\/p>\n<p>O deputado se op\u00f4s \u00e0 a\u00e7\u00e3o dos bancos junto ao Conar. \u201cUm absurdo quererem impedir a sociedade de se manifestar (contra o fim do parcelamento sem juros no cart\u00e3o de cr\u00e9dito). A modalidade de pagamento \u00e9 uma pr\u00e1tica saud\u00e1vel da livre concorr\u00eancia e que representa um grande est\u00edmulo ao consumidor.\u201d<\/p>\n<p>&nbsp;<\/p>\n","protected":false},"excerpt":{"rendered":"<p>Por Samanta Sallum\u00a0 Os bancos Bradesco, Ita\u00fa e Santander, junto com a Febraban, conseguiram liminar no Conar (Conselho Nacional de Autorregulamenta\u00e7\u00e3o Publicit\u00e1ria) para que a Abrasel tire do ar a campanha em defesa do parcelamento sem juros no cart\u00e3o. Na vis\u00e3o da Abrasel, o fim ou altera\u00e7\u00f5es desta modalidade de pagamento, que representa\u00a0 75% do total gasto com cart\u00e3o de [&hellip;]<\/p>\n","protected":false},"author":125,"featured_media":14375,"comment_status":"open","ping_status":"open","sticky":false,"template":"","format":"standard","meta":{"footnotes":""},"categories":[6],"tags":[],"class_list":["post-14371","post","type-post","status-publish","format-standard","has-post-thumbnail","hentry","category-coluna-capital-s-a"],"_links":{"self":[{"href":"https:\/\/blogs.correiobraziliense.com.br\/capital-sa\/wp-json\/wp\/v2\/posts\/14371","targetHints":{"allow":["GET"]}}],"collection":[{"href":"https:\/\/blogs.correiobraziliense.com.br\/capital-sa\/wp-json\/wp\/v2\/posts"}],"about":[{"href":"https:\/\/blogs.correiobraziliense.com.br\/capital-sa\/wp-json\/wp\/v2\/types\/post"}],"author":[{"embeddable":true,"href":"https:\/\/blogs.correiobraziliense.com.br\/capital-sa\/wp-json\/wp\/v2\/users\/125"}],"replies":[{"embeddable":true,"href":"https:\/\/blogs.correiobraziliense.com.br\/capital-sa\/wp-json\/wp\/v2\/comments?post=14371"}],"version-history":[{"count":12,"href":"https:\/\/blogs.correiobraziliense.com.br\/capital-sa\/wp-json\/wp\/v2\/posts\/14371\/revisions"}],"predecessor-version":[{"id":14384,"href":"https:\/\/blogs.correiobraziliense.com.br\/capital-sa\/wp-json\/wp\/v2\/posts\/14371\/revisions\/14384"}],"wp:featuredmedia":[{"embeddable":true,"href":"https:\/\/blogs.correiobraziliense.com.br\/capital-sa\/wp-json\/wp\/v2\/media\/14375"}],"wp:attachment":[{"href":"https:\/\/blogs.correiobraziliense.com.br\/capital-sa\/wp-json\/wp\/v2\/media?parent=14371"}],"wp:term":[{"taxonomy":"category","embeddable":true,"href":"https:\/\/blogs.correiobraziliense.com.br\/capital-sa\/wp-json\/wp\/v2\/categories?post=14371"},{"taxonomy":"post_tag","embeddable":true,"href":"https:\/\/blogs.correiobraziliense.com.br\/capital-sa\/wp-json\/wp\/v2\/tags?post=14371"}],"curies":[{"name":"wp","href":"https:\/\/api.w.org\/{rel}","templated":true}]}}