{"id":14356,"date":"2023-09-11T13:17:59","date_gmt":"2023-09-11T16:17:59","guid":{"rendered":"https:\/\/blogs.correiobraziliense.com.br\/capital-sa\/?p=14356"},"modified":"2023-09-11T13:31:33","modified_gmt":"2023-09-11T16:31:33","slug":"conferencia-sobre-advocacia-e-empreendedorismo-tera-zico-como-estrela","status":"publish","type":"post","link":"https:\/\/blogs.correiobraziliense.com.br\/capital-sa\/2023\/09\/11\/conferencia-sobre-advocacia-e-empreendedorismo-tera-zico-como-estrela\/","title":{"rendered":"Confer\u00eancia sobre advocacia e empreendedorismo ter\u00e1 Zico como estrela"},"content":{"rendered":"<p class=\"p1\"><b>Por Samanta Sallum\u00a0<\/b><\/p>\n<p class=\"p1\"><span class=\"s1\">Evento organizado pela OAB\/DF tem o objetivo de impulsionar a carreira de advogados e advogadas com empresas inovadoras do setor jur\u00eddico. <\/span>Ser\u00e3o realizadas palestras com profissionais de destaque sobre: gest\u00e3o de um escrit\u00f3rio, compliance, automa\u00e7\u00e3o de documentos e media\u00e7\u00e3o de conflitos, as chamadas lawtechs e legaltechs.<\/p>\n<p class=\"p1\"><span class=\"s1\">Uma das estrelas da Confer\u00eancia Distrital 2023, no Est\u00e1dio Man\u00e9 Garrincha, entre 26 e 27 de setembro, vem do esporte. Zico, que fez hist\u00f3ria no Flamengo com sua genialidade, foco e disciplina no futebol, estar\u00e1 \u00e0 frente do painel \u201cProfissionalismo, Lideran\u00e7a e Supera\u00e7\u00e3o\u201d.<\/span><\/p>\n<p><b>Tributa\u00e7\u00e3o na Era Digital<br \/>\n<\/b><\/p>\n<p>A Confer\u00eancia est\u00e1 sendo retomada este ano, depois de uma pausa no per\u00edodo da pandemia. O evento tamb\u00e9m vai abordar empreendedorismo, intelig\u00eancia artificial no Judici\u00e1rio e na advocacia, al\u00e9m de quest\u00f5es como moedas virtuais (criptoativos) e tributa\u00e7\u00e3o na Era Digital.<\/p>\n<p class=\"p1\"><span class=\"s1\"><b>Time de peso<\/b><\/span><\/p>\n<p><img loading=\"lazy\" decoding=\"async\" class=\"aligncenter size-medium wp-image-14367\" src=\"https:\/\/blogs.correiobraziliense.com.br\/capital-sa\/wp-content\/uploads\/sites\/59\/2023\/09\/074F6878-A51A-4121-93FD-BD7855A8FCBB-300x145.jpeg\" alt=\"\" width=\"300\" height=\"145\" srcset=\"https:\/\/blogs.correiobraziliense.com.br\/capital-sa\/wp-content\/uploads\/sites\/59\/2023\/09\/074F6878-A51A-4121-93FD-BD7855A8FCBB-300x145.jpeg 300w, https:\/\/blogs.correiobraziliense.com.br\/capital-sa\/wp-content\/uploads\/sites\/59\/2023\/09\/074F6878-A51A-4121-93FD-BD7855A8FCBB-550x266.jpeg 550w, https:\/\/blogs.correiobraziliense.com.br\/capital-sa\/wp-content\/uploads\/sites\/59\/2023\/09\/074F6878-A51A-4121-93FD-BD7855A8FCBB-230x111.jpeg 230w, https:\/\/blogs.correiobraziliense.com.br\/capital-sa\/wp-content\/uploads\/sites\/59\/2023\/09\/074F6878-A51A-4121-93FD-BD7855A8FCBB.jpeg 620w\" sizes=\"auto, (max-width: 300px) 100vw, 300px\" \/><\/p>\n<p class=\"p1\"><span class=\"s1\">Ser\u00e3o dois dias de programa\u00e7\u00e3o, com duas aulas magnas e 12 pain\u00e9is, trazendo cerca de 50 palestrantes. Dentre eles: Samer Agi, advogado e professor; Luiz Paulo Pinho, cofundador do Jusbrasil; Lorena Campos, ju\u00edza do TJDFT; Maria Cl\u00e1udia Bucchianeri (foto), advogada e ex-ministra do TSE; Sebasti\u00e3o Reis, ministro do STJ; e Ney Bello, desembargador do TRF-1.<\/span><\/p>\n<p class=\"p1\"><span class=\"s1\"><b>Aplicativo de prerrogativas<\/b><\/span><\/p>\n<p><img loading=\"lazy\" decoding=\"async\" class=\"aligncenter size-full wp-image-14363\" src=\"https:\/\/blogs.correiobraziliense.com.br\/capital-sa\/wp-content\/uploads\/sites\/59\/2023\/09\/326A75D3-0560-4A9F-B827-E8EECD591635.jpeg\" alt=\"\" width=\"266\" height=\"190\" srcset=\"https:\/\/blogs.correiobraziliense.com.br\/capital-sa\/wp-content\/uploads\/sites\/59\/2023\/09\/326A75D3-0560-4A9F-B827-E8EECD591635.jpeg 266w, https:\/\/blogs.correiobraziliense.com.br\/capital-sa\/wp-content\/uploads\/sites\/59\/2023\/09\/326A75D3-0560-4A9F-B827-E8EECD591635-230x164.jpeg 230w\" sizes=\"auto, (max-width: 266px) 100vw, 266px\" \/><\/p>\n<p class=\"p1\"><span class=\"s1\">O presidente da OAB\/DF, D\u00e9lio Lins e Silva Jr., explica que haver\u00e1 tamb\u00e9m uma agenda paralela de eventos especiais e o lan\u00e7amento do aplicativo de Prerrogativas da Seccional do Distrito Federal da OAB. \u201cConvido quem est\u00e1 estudando Direito, os que est\u00e3o iniciando na carreira e os que est\u00e3o nela h\u00e1 anos para fazer essa imers\u00e3o, conosco !\u201d, disse D\u00e9lio. As inscri\u00e7\u00f5es j\u00e1 est\u00e1 abertas <\/span>pelo Sympla.<\/p>\n<p class=\"p1\"><span class=\"s1\">A vice-presidente da Seccional, Lenda Tariana, refor\u00e7a o convite: &#8220;A Confer\u00eancia Distrital 2023 ser\u00e1 aquele momento divisor de \u00e1guas para a advocacia, com craques do Direito que trazem mensagens, dicas e contextos essenciais para o futuro na nossa \u00e1rea.\u201d<\/span><\/p>\n","protected":false},"excerpt":{"rendered":"<p>Por Samanta Sallum\u00a0 Evento organizado pela OAB\/DF tem o objetivo de impulsionar a carreira de advogados e advogadas com empresas inovadoras do setor jur\u00eddico. Ser\u00e3o realizadas palestras com profissionais de destaque sobre: gest\u00e3o de um escrit\u00f3rio, compliance, automa\u00e7\u00e3o de documentos e media\u00e7\u00e3o de conflitos, as chamadas lawtechs e legaltechs. Uma das estrelas da Confer\u00eancia Distrital 2023, no Est\u00e1dio Man\u00e9 Garrincha, [&hellip;]<\/p>\n","protected":false},"author":125,"featured_media":14360,"comment_status":"open","ping_status":"open","sticky":false,"template":"","format":"standard","meta":{"footnotes":""},"categories":[6],"tags":[],"class_list":["post-14356","post","type-post","status-publish","format-standard","has-post-thumbnail","hentry","category-coluna-capital-s-a"],"_links":{"self":[{"href":"https:\/\/blogs.correiobraziliense.com.br\/capital-sa\/wp-json\/wp\/v2\/posts\/14356","targetHints":{"allow":["GET"]}}],"collection":[{"href":"https:\/\/blogs.correiobraziliense.com.br\/capital-sa\/wp-json\/wp\/v2\/posts"}],"about":[{"href":"https:\/\/blogs.correiobraziliense.com.br\/capital-sa\/wp-json\/wp\/v2\/types\/post"}],"author":[{"embeddable":true,"href":"https:\/\/blogs.correiobraziliense.com.br\/capital-sa\/wp-json\/wp\/v2\/users\/125"}],"replies":[{"embeddable":true,"href":"https:\/\/blogs.correiobraziliense.com.br\/capital-sa\/wp-json\/wp\/v2\/comments?post=14356"}],"version-history":[{"count":9,"href":"https:\/\/blogs.correiobraziliense.com.br\/capital-sa\/wp-json\/wp\/v2\/posts\/14356\/revisions"}],"predecessor-version":[{"id":14370,"href":"https:\/\/blogs.correiobraziliense.com.br\/capital-sa\/wp-json\/wp\/v2\/posts\/14356\/revisions\/14370"}],"wp:featuredmedia":[{"embeddable":true,"href":"https:\/\/blogs.correiobraziliense.com.br\/capital-sa\/wp-json\/wp\/v2\/media\/14360"}],"wp:attachment":[{"href":"https:\/\/blogs.correiobraziliense.com.br\/capital-sa\/wp-json\/wp\/v2\/media?parent=14356"}],"wp:term":[{"taxonomy":"category","embeddable":true,"href":"https:\/\/blogs.correiobraziliense.com.br\/capital-sa\/wp-json\/wp\/v2\/categories?post=14356"},{"taxonomy":"post_tag","embeddable":true,"href":"https:\/\/blogs.correiobraziliense.com.br\/capital-sa\/wp-json\/wp\/v2\/tags?post=14356"}],"curies":[{"name":"wp","href":"https:\/\/api.w.org\/{rel}","templated":true}]}}