{"id":14338,"date":"2023-09-06T15:56:29","date_gmt":"2023-09-06T18:56:29","guid":{"rendered":"https:\/\/blogs.correiobraziliense.com.br\/capital-sa\/?p=14338"},"modified":"2023-09-06T15:56:29","modified_gmt":"2023-09-06T18:56:29","slug":"ceos-das-principais-empresas-de-telecom-se-reunem-em-brasilia","status":"publish","type":"post","link":"https:\/\/blogs.correiobraziliense.com.br\/capital-sa\/2023\/09\/06\/ceos-das-principais-empresas-de-telecom-se-reunem-em-brasilia\/","title":{"rendered":"CEOs das principais empresas de telecom se re\u00fanem em Bras\u00edlia"},"content":{"rendered":"<p class=\"p1\"><em>Objetivo do encontro \u00e9 debater a\u00e7\u00f5es para democratizar os avan\u00e7os tecnol\u00f3gicos\u00a0<\/em><\/p>\n<p><b>Por Samanta Sallum\u00a0<\/b><\/p>\n<p class=\"p1\"><span class=\"s1\">As lideran\u00e7as do\u00a0<\/span>setor de telecomunica\u00e7\u00f5es se encontram em Bras\u00edlia, na pr\u00f3xima semana, para a Telebrasil Summit 2023. V\u00e3o debater temas de impacto econ\u00f4mico, social e operacional como 5G; inclus\u00e3o digital; sustentabilidade; tributa\u00e7\u00e3o e novos horizontes do mercado brasileiro.<\/p>\n<p class=\"p1\">Est\u00e3o confirmados Christian Gebara, presidente da Telebrasil e CEO da Vivo; Jean Borges, CEO da Algar Telecom;\u00a0 Jos\u00e9 Felix, CEO da Claro; Adeodato Netto, CEO da Ligga Telecom; Rodrigo Abreu, CEO da Oi; e Alberto Griselli, CEO da TIM Brasil.<\/p>\n<p class=\"p1\"><span class=\"s1\"><b>Comiss\u00e3o de Direito Digital <\/b><\/span><\/p>\n<p class=\"p1\"><span class=\"s1\">O evento reunir\u00e1 tamb\u00e9m autoridades como o ministro das Comunica\u00e7\u00f5es, Juscelino Filho; o presidente da Anatel, Carlos Baigorri, e o presidente da Comiss\u00e3o de Comunica\u00e7\u00e3o e Direito Digital do Senado Federal, senador Eduardo Gomes (SDD-TO). Eles participam do painel de abertura na pr\u00f3xima ter\u00e7a-feira (12). A Telebrasil Summit 2023 ser\u00e1 no Royal Tulip.<\/span><\/p>\n<p><img loading=\"lazy\" decoding=\"async\" class=\"aligncenter size-medium wp-image-14343\" src=\"https:\/\/blogs.correiobraziliense.com.br\/capital-sa\/wp-content\/uploads\/sites\/59\/2023\/09\/6DBE9A8A-E952-4956-B50B-53F16FED08C8-300x200.jpeg\" alt=\"\" width=\"300\" height=\"200\" srcset=\"https:\/\/blogs.correiobraziliense.com.br\/capital-sa\/wp-content\/uploads\/sites\/59\/2023\/09\/6DBE9A8A-E952-4956-B50B-53F16FED08C8-300x200.jpeg 300w, https:\/\/blogs.correiobraziliense.com.br\/capital-sa\/wp-content\/uploads\/sites\/59\/2023\/09\/6DBE9A8A-E952-4956-B50B-53F16FED08C8-768x511.jpeg 768w, https:\/\/blogs.correiobraziliense.com.br\/capital-sa\/wp-content\/uploads\/sites\/59\/2023\/09\/6DBE9A8A-E952-4956-B50B-53F16FED08C8-1024x682.jpeg 1024w, https:\/\/blogs.correiobraziliense.com.br\/capital-sa\/wp-content\/uploads\/sites\/59\/2023\/09\/6DBE9A8A-E952-4956-B50B-53F16FED08C8-1440x958.jpeg 1440w, https:\/\/blogs.correiobraziliense.com.br\/capital-sa\/wp-content\/uploads\/sites\/59\/2023\/09\/6DBE9A8A-E952-4956-B50B-53F16FED08C8-800x532.jpeg 800w, https:\/\/blogs.correiobraziliense.com.br\/capital-sa\/wp-content\/uploads\/sites\/59\/2023\/09\/6DBE9A8A-E952-4956-B50B-53F16FED08C8-550x366.jpeg 550w, https:\/\/blogs.correiobraziliense.com.br\/capital-sa\/wp-content\/uploads\/sites\/59\/2023\/09\/6DBE9A8A-E952-4956-B50B-53F16FED08C8-230x153.jpeg 230w, https:\/\/blogs.correiobraziliense.com.br\/capital-sa\/wp-content\/uploads\/sites\/59\/2023\/09\/6DBE9A8A-E952-4956-B50B-53F16FED08C8.jpeg 2048w\" sizes=\"auto, (max-width: 300px) 100vw, 300px\" \/><\/p>\n<p class=\"p1\"><span class=\"s1\">&#8220;Com uma abordagem multissetorial, o principal objetivo do encontro \u00e9 construir bases s\u00f3lidas para que o avan\u00e7o tecnol\u00f3gico alcance todos os munic\u00edpios e popula\u00e7\u00f5es, e seja uma ferramenta propulsora do desenvolvimento socioecon\u00f4mico inteligente e sustent\u00e1vel do Brasil&#8221; , afirmou Marcos Ferrari, presidente da Associa\u00e7\u00e3o Brasileira de Telecomunica\u00e7\u00f5es &#8211; Telebrasil.<\/span><\/p>\n","protected":false},"excerpt":{"rendered":"<p>Objetivo do encontro \u00e9 debater a\u00e7\u00f5es para democratizar os avan\u00e7os tecnol\u00f3gicos\u00a0 Por Samanta Sallum\u00a0 As lideran\u00e7as do\u00a0setor de telecomunica\u00e7\u00f5es se encontram em Bras\u00edlia, na pr\u00f3xima semana, para a Telebrasil Summit 2023. V\u00e3o debater temas de impacto econ\u00f4mico, social e operacional como 5G; inclus\u00e3o digital; sustentabilidade; tributa\u00e7\u00e3o e novos horizontes do mercado brasileiro. Est\u00e3o confirmados Christian Gebara, presidente da Telebrasil e [&hellip;]<\/p>\n","protected":false},"author":125,"featured_media":14342,"comment_status":"open","ping_status":"open","sticky":false,"template":"","format":"standard","meta":{"footnotes":""},"categories":[6],"tags":[],"class_list":["post-14338","post","type-post","status-publish","format-standard","has-post-thumbnail","hentry","category-coluna-capital-s-a"],"_links":{"self":[{"href":"https:\/\/blogs.correiobraziliense.com.br\/capital-sa\/wp-json\/wp\/v2\/posts\/14338","targetHints":{"allow":["GET"]}}],"collection":[{"href":"https:\/\/blogs.correiobraziliense.com.br\/capital-sa\/wp-json\/wp\/v2\/posts"}],"about":[{"href":"https:\/\/blogs.correiobraziliense.com.br\/capital-sa\/wp-json\/wp\/v2\/types\/post"}],"author":[{"embeddable":true,"href":"https:\/\/blogs.correiobraziliense.com.br\/capital-sa\/wp-json\/wp\/v2\/users\/125"}],"replies":[{"embeddable":true,"href":"https:\/\/blogs.correiobraziliense.com.br\/capital-sa\/wp-json\/wp\/v2\/comments?post=14338"}],"version-history":[{"count":7,"href":"https:\/\/blogs.correiobraziliense.com.br\/capital-sa\/wp-json\/wp\/v2\/posts\/14338\/revisions"}],"predecessor-version":[{"id":14354,"href":"https:\/\/blogs.correiobraziliense.com.br\/capital-sa\/wp-json\/wp\/v2\/posts\/14338\/revisions\/14354"}],"wp:featuredmedia":[{"embeddable":true,"href":"https:\/\/blogs.correiobraziliense.com.br\/capital-sa\/wp-json\/wp\/v2\/media\/14342"}],"wp:attachment":[{"href":"https:\/\/blogs.correiobraziliense.com.br\/capital-sa\/wp-json\/wp\/v2\/media?parent=14338"}],"wp:term":[{"taxonomy":"category","embeddable":true,"href":"https:\/\/blogs.correiobraziliense.com.br\/capital-sa\/wp-json\/wp\/v2\/categories?post=14338"},{"taxonomy":"post_tag","embeddable":true,"href":"https:\/\/blogs.correiobraziliense.com.br\/capital-sa\/wp-json\/wp\/v2\/tags?post=14338"}],"curies":[{"name":"wp","href":"https:\/\/api.w.org\/{rel}","templated":true}]}}