{"id":14293,"date":"2023-09-01T14:28:08","date_gmt":"2023-09-01T17:28:08","guid":{"rendered":"https:\/\/blogs.correiobraziliense.com.br\/capital-sa\/?p=14293"},"modified":"2023-09-01T14:36:41","modified_gmt":"2023-09-01T17:36:41","slug":"codese-df-ganha-premio-marco-maciel","status":"publish","type":"post","link":"https:\/\/blogs.correiobraziliense.com.br\/capital-sa\/2023\/09\/01\/codese-df-ganha-premio-marco-maciel\/","title":{"rendered":"CODESE\/DF ganha Pr\u00eamio Marco Maciel"},"content":{"rendered":"<p><i>A entidade, que re\u00fane representantes da sociedade civil do Distrito Federal, ganhou na categoria Rela\u00e7\u00f5es Institucionais e Governamentais<\/i><\/p>\n<p><b>Por Samanta Sallum\u00a0<\/b><\/p>\n<p>Com intuito de fomentar a \u00e9tica e transpar\u00eancia na rela\u00e7\u00e3o p\u00fablico-privada e na sociedade civil brasileira, com a melhoria da governan\u00e7a, a\u00a06\u00aa edi\u00e7\u00e3o do Pr\u00eamio Marco Maciel condecorou entidades, personalidades e projetos do pa\u00eds.<\/p>\n<p>O CODESE\/DF foi vencedor na categoria RIG (Rela\u00e7\u00f5es Institucionais e Governamentais) na Sociedade Civil Organizada. Receberam o pr\u00eamio o presidente da entidade Leonardo \u00c1vila e o presidente do Conselho Deliberativo, Paulo Muniz. Tamb\u00e9m participaram o superintendente e L\u00edder do Eixo de Cidadania e Desenvolvimento Social, Ruyter Thuin; a Secret\u00e1ria Executiva, Mara Abrah\u00e3o, e Rosane do Valle, membro da C\u00e2mara das Regi\u00f5es Metropolitanas do Eixo Bras\u00edlia-Goi\u00e2nia e RIDE.<\/p>\n<p><img loading=\"lazy\" decoding=\"async\" class=\"aligncenter size-medium wp-image-14303\" src=\"https:\/\/blogs.correiobraziliense.com.br\/capital-sa\/wp-content\/uploads\/sites\/59\/2023\/09\/82D6FC5C-6067-4875-B124-D14039D86720-225x300.jpeg\" alt=\"\" width=\"225\" height=\"300\" srcset=\"https:\/\/blogs.correiobraziliense.com.br\/capital-sa\/wp-content\/uploads\/sites\/59\/2023\/09\/82D6FC5C-6067-4875-B124-D14039D86720-225x300.jpeg 225w, https:\/\/blogs.correiobraziliense.com.br\/capital-sa\/wp-content\/uploads\/sites\/59\/2023\/09\/82D6FC5C-6067-4875-B124-D14039D86720-768x1024.jpeg 768w, https:\/\/blogs.correiobraziliense.com.br\/capital-sa\/wp-content\/uploads\/sites\/59\/2023\/09\/82D6FC5C-6067-4875-B124-D14039D86720-800x1067.jpeg 800w, https:\/\/blogs.correiobraziliense.com.br\/capital-sa\/wp-content\/uploads\/sites\/59\/2023\/09\/82D6FC5C-6067-4875-B124-D14039D86720-550x733.jpeg 550w, https:\/\/blogs.correiobraziliense.com.br\/capital-sa\/wp-content\/uploads\/sites\/59\/2023\/09\/82D6FC5C-6067-4875-B124-D14039D86720-230x307.jpeg 230w, https:\/\/blogs.correiobraziliense.com.br\/capital-sa\/wp-content\/uploads\/sites\/59\/2023\/09\/82D6FC5C-6067-4875-B124-D14039D86720.jpeg 1200w\" sizes=\"auto, (max-width: 225px) 100vw, 225px\" \/><\/p>\n<p><b>Trabalho Volunt\u00e1rio\u00a0<\/b><\/p>\n<p>Leonardo \u00c1vila atribuiu a conquista ao trabalho volunt\u00e1rio de todos os membros do CODESE e \u00e0 parceria com o GDF. Tamb\u00e9m agradeceu o apoio do <i><b>Correio Braziliense <\/b><\/i>\u00e0s iniciativas do Conselho, dando visibilidade ao trabalho realizado para o desenvolvimento social e econ\u00f4mico da capital federal.<\/p>\n<blockquote><p>\u201cDedico esse pr\u00eamio a todos os integrantes do CODESE pelos relevantes servi\u00e7os prestados ao DF, e ao GDF, atrav\u00e9s do governador Ibaneis e secret\u00e1rio de Governo Jos\u00e9 Humberto, por ouvir e atender \u00e0s demandas da entidade. Tamb\u00e9m ao \u00a0<b>Correio<\/b> por se unir a essa frente em defesa da nossa capital \u201d, destacou.<\/p><\/blockquote>\n<p>A cerim\u00f4nia de entrega do Pr\u00eamio Marco Maciel 2023 aconteceu na noite desta quarta-feira, 30 de agosto de 2023, no Pante\u00e3o da P\u00e1tria, na Pra\u00e7a dos Tr\u00eas Poderes, em Bras\u00edlia.\u00a0O pr\u00eamio nacional \u00e9 promovido pela Abrig &#8211; Associa\u00e7\u00e3o Brasileira de Rela\u00e7\u00f5es Institucionais e Governamentais.<\/p>\n","protected":false},"excerpt":{"rendered":"<p>A entidade, que re\u00fane representantes da sociedade civil do Distrito Federal, ganhou na categoria Rela\u00e7\u00f5es Institucionais e Governamentais Por Samanta Sallum\u00a0 Com intuito de fomentar a \u00e9tica e transpar\u00eancia na rela\u00e7\u00e3o p\u00fablico-privada e na sociedade civil brasileira, com a melhoria da governan\u00e7a, a\u00a06\u00aa edi\u00e7\u00e3o do Pr\u00eamio Marco Maciel condecorou entidades, personalidades e projetos do pa\u00eds. O CODESE\/DF foi vencedor na [&hellip;]<\/p>\n","protected":false},"author":125,"featured_media":14302,"comment_status":"open","ping_status":"open","sticky":false,"template":"","format":"standard","meta":{"footnotes":""},"categories":[6],"tags":[],"class_list":["post-14293","post","type-post","status-publish","format-standard","has-post-thumbnail","hentry","category-coluna-capital-s-a"],"_links":{"self":[{"href":"https:\/\/blogs.correiobraziliense.com.br\/capital-sa\/wp-json\/wp\/v2\/posts\/14293","targetHints":{"allow":["GET"]}}],"collection":[{"href":"https:\/\/blogs.correiobraziliense.com.br\/capital-sa\/wp-json\/wp\/v2\/posts"}],"about":[{"href":"https:\/\/blogs.correiobraziliense.com.br\/capital-sa\/wp-json\/wp\/v2\/types\/post"}],"author":[{"embeddable":true,"href":"https:\/\/blogs.correiobraziliense.com.br\/capital-sa\/wp-json\/wp\/v2\/users\/125"}],"replies":[{"embeddable":true,"href":"https:\/\/blogs.correiobraziliense.com.br\/capital-sa\/wp-json\/wp\/v2\/comments?post=14293"}],"version-history":[{"count":12,"href":"https:\/\/blogs.correiobraziliense.com.br\/capital-sa\/wp-json\/wp\/v2\/posts\/14293\/revisions"}],"predecessor-version":[{"id":14307,"href":"https:\/\/blogs.correiobraziliense.com.br\/capital-sa\/wp-json\/wp\/v2\/posts\/14293\/revisions\/14307"}],"wp:featuredmedia":[{"embeddable":true,"href":"https:\/\/blogs.correiobraziliense.com.br\/capital-sa\/wp-json\/wp\/v2\/media\/14302"}],"wp:attachment":[{"href":"https:\/\/blogs.correiobraziliense.com.br\/capital-sa\/wp-json\/wp\/v2\/media?parent=14293"}],"wp:term":[{"taxonomy":"category","embeddable":true,"href":"https:\/\/blogs.correiobraziliense.com.br\/capital-sa\/wp-json\/wp\/v2\/categories?post=14293"},{"taxonomy":"post_tag","embeddable":true,"href":"https:\/\/blogs.correiobraziliense.com.br\/capital-sa\/wp-json\/wp\/v2\/tags?post=14293"}],"curies":[{"name":"wp","href":"https:\/\/api.w.org\/{rel}","templated":true}]}}