{"id":14278,"date":"2023-08-30T17:13:13","date_gmt":"2023-08-30T20:13:13","guid":{"rendered":"https:\/\/blogs.correiobraziliense.com.br\/capital-sa\/?p=14278"},"modified":"2023-08-30T17:16:14","modified_gmt":"2023-08-30T20:16:14","slug":"lira-recebe-manifesto-pela-reforma-administrativa-das-frentes-do-agro-e-do-comercio","status":"publish","type":"post","link":"https:\/\/blogs.correiobraziliense.com.br\/capital-sa\/2023\/08\/30\/lira-recebe-manifesto-pela-reforma-administrativa-das-frentes-do-agro-e-do-comercio\/","title":{"rendered":"Lira recebe manifesto pela reforma administrativa das frentes do agro e do com\u00e9rcio"},"content":{"rendered":"<p><i>Segundo os parlamentares, \u201c\u00e9 imperativo realizar a moderniza\u00e7\u00e3o do aparelho estatal para otimizar recursos\u201d\u00a0<\/i><\/p>\n<p><b>Por Samanta Sallum<\/b><\/p>\n<p class=\"p1\">Treze bancadas parlamentares que representam o setor produtivo entregaram hoje ao presidente da C\u00e2mara dos Deputados, deputado Arthur Lira (PP), o manifesto em favor da reforma administrativa, assinado em conjunto. O movimento, que foi impulsionado pelo pr\u00f3prio Lira, est\u00e1 ganhando for\u00e7a e ser\u00e1 um contraponto \u00e0 reforma tribut\u00e1ria.<\/p>\n<p class=\"p1\"><span class=\"s1\">Ser\u00e1 mais um ponto de press\u00e3o do presidente da C\u00e2mara junto ao governo Lula. A bandeira defendida \u00e9 que, sem antes cortar gastos da m\u00e1quina do Estado, n\u00e3o se pode projetar aumento de arrecada\u00e7\u00e3o com impostos.<\/span><\/p>\n<p class=\"p1\"><span class=\"s1\">\u201cPrecisamos fazer que o governo entenda, por bem ou por mal, assim ou assado, que ele tem que entrar nessa discuss\u00e3o\u201d, disse Lira.<\/span><\/p>\n<p class=\"p1\"><span class=\"s1\">O encontro foi realizado em reuni\u00e3o-almo\u00e7o na Casa sede da Frente Parlamentar do Com\u00e9rcio e Servi\u00e7os, no Lago Sul, com a presen\u00e7a de diversas lideran\u00e7as pol\u00edticas. As frentes parlamentares da agropecu\u00e1ria, do com\u00e9rcio e de servi\u00e7os, do empreendedorismo, entre outras, assinaram o documento.<\/span><\/p>\n<p>Veja trechos do manifesto:<\/p>\n<p class=\"p1\"><span class=\"s1\">\u201cA preocupa\u00e7\u00e3o da sociedade brasileira e de todos os contribuintes quanto ao desenvolvimento, a efici\u00eancia e a sustentabilidade do Estado cresce a cada dia. A atual estrutura administrativa do Estado tem se mostrado deficiente em diversos aspectos, comprometendo a efic\u00e1cia na presta\u00e7\u00e3o dos servi\u00e7os p\u00fablicos. \u00c9 imperativo realizar uma reforma que promova a moderniza\u00e7\u00e3o, a racionaliza\u00e7\u00e3o e a desburocratiza\u00e7\u00e3o do aparelho estatal, de modo a eliminar entraves e otimizar recursos.\u201d<\/span><\/p>\n<p class=\"p1\"><span class=\"s1\">\u201cO momento pol\u00edtico tamb\u00e9m \u00e9 oportuno para a discuss\u00e3o da Reforma Administrativa. As discuss\u00f5es acerca da carga tribut\u00e1ria do pa\u00eds, da burocracia estatal e do custo de empreender no Brasil se intensificaram gra\u00e7as ao avan\u00e7o da Reforma Tribut\u00e1ria, evidenciando a urg\u00eancia da discuss\u00e3o do tamanho e da efici\u00eancia do Estado Brasileiro, que refletem diretamente na necessidade de recursos que, por sua vez, ser\u00e3o arrecadados por meio da tributa\u00e7\u00e3o dos contribuintes.\u201d<\/span><\/p>\n","protected":false},"excerpt":{"rendered":"<p>Segundo os parlamentares, \u201c\u00e9 imperativo realizar a moderniza\u00e7\u00e3o do aparelho estatal para otimizar recursos\u201d\u00a0 Por Samanta Sallum Treze bancadas parlamentares que representam o setor produtivo entregaram hoje ao presidente da C\u00e2mara dos Deputados, deputado Arthur Lira (PP), o manifesto em favor da reforma administrativa, assinado em conjunto. O movimento, que foi impulsionado pelo pr\u00f3prio Lira, est\u00e1 ganhando for\u00e7a e ser\u00e1 [&hellip;]<\/p>\n","protected":false},"author":125,"featured_media":14283,"comment_status":"open","ping_status":"open","sticky":false,"template":"","format":"standard","meta":{"footnotes":""},"categories":[6],"tags":[],"class_list":["post-14278","post","type-post","status-publish","format-standard","has-post-thumbnail","hentry","category-coluna-capital-s-a"],"_links":{"self":[{"href":"https:\/\/blogs.correiobraziliense.com.br\/capital-sa\/wp-json\/wp\/v2\/posts\/14278","targetHints":{"allow":["GET"]}}],"collection":[{"href":"https:\/\/blogs.correiobraziliense.com.br\/capital-sa\/wp-json\/wp\/v2\/posts"}],"about":[{"href":"https:\/\/blogs.correiobraziliense.com.br\/capital-sa\/wp-json\/wp\/v2\/types\/post"}],"author":[{"embeddable":true,"href":"https:\/\/blogs.correiobraziliense.com.br\/capital-sa\/wp-json\/wp\/v2\/users\/125"}],"replies":[{"embeddable":true,"href":"https:\/\/blogs.correiobraziliense.com.br\/capital-sa\/wp-json\/wp\/v2\/comments?post=14278"}],"version-history":[{"count":6,"href":"https:\/\/blogs.correiobraziliense.com.br\/capital-sa\/wp-json\/wp\/v2\/posts\/14278\/revisions"}],"predecessor-version":[{"id":14285,"href":"https:\/\/blogs.correiobraziliense.com.br\/capital-sa\/wp-json\/wp\/v2\/posts\/14278\/revisions\/14285"}],"wp:featuredmedia":[{"embeddable":true,"href":"https:\/\/blogs.correiobraziliense.com.br\/capital-sa\/wp-json\/wp\/v2\/media\/14283"}],"wp:attachment":[{"href":"https:\/\/blogs.correiobraziliense.com.br\/capital-sa\/wp-json\/wp\/v2\/media?parent=14278"}],"wp:term":[{"taxonomy":"category","embeddable":true,"href":"https:\/\/blogs.correiobraziliense.com.br\/capital-sa\/wp-json\/wp\/v2\/categories?post=14278"},{"taxonomy":"post_tag","embeddable":true,"href":"https:\/\/blogs.correiobraziliense.com.br\/capital-sa\/wp-json\/wp\/v2\/tags?post=14278"}],"curies":[{"name":"wp","href":"https:\/\/api.w.org\/{rel}","templated":true}]}}