{"id":1409,"date":"2021-01-18T16:26:51","date_gmt":"2021-01-18T19:26:51","guid":{"rendered":"https:\/\/blogs.correiobraziliense.com.br\/capital-sa\/?p=1409"},"modified":"2021-01-18T17:55:59","modified_gmt":"2021-01-18T20:55:59","slug":"com-covid-presidente-da-fecomercio-df-e-internado","status":"publish","type":"post","link":"https:\/\/blogs.correiobraziliense.com.br\/capital-sa\/2021\/01\/18\/com-covid-presidente-da-fecomercio-df-e-internado\/","title":{"rendered":"Presidente da Fecom\u00e9rcio-DF continua na UTI"},"content":{"rendered":"<p class=\"p1\"><img loading=\"lazy\" decoding=\"async\" class=\"aligncenter size-medium wp-image-1411\" src=\"https:\/\/blogs.correiobraziliense.com.br\/capital-sa\/wp-content\/uploads\/sites\/59\/2021\/01\/294EEE63-0973-400B-B33A-2231C70EFF25-300x188.jpeg\" alt=\"\" width=\"300\" height=\"188\" srcset=\"https:\/\/blogs.correiobraziliense.com.br\/capital-sa\/wp-content\/uploads\/sites\/59\/2021\/01\/294EEE63-0973-400B-B33A-2231C70EFF25-300x188.jpeg 300w, https:\/\/blogs.correiobraziliense.com.br\/capital-sa\/wp-content\/uploads\/sites\/59\/2021\/01\/294EEE63-0973-400B-B33A-2231C70EFF25-550x345.jpeg 550w, https:\/\/blogs.correiobraziliense.com.br\/capital-sa\/wp-content\/uploads\/sites\/59\/2021\/01\/294EEE63-0973-400B-B33A-2231C70EFF25-230x144.jpeg 230w, https:\/\/blogs.correiobraziliense.com.br\/capital-sa\/wp-content\/uploads\/sites\/59\/2021\/01\/294EEE63-0973-400B-B33A-2231C70EFF25.jpeg 629w\" sizes=\"auto, (max-width: 300px) 100vw, 300px\" \/><br \/>\nO presidente da Fecom\u00e9rcio-DF, Francisco Maia, est\u00e1 internado no Hospital Santa L\u00facia Norte desde sexta-feira. Ele foi diagnosticado com Covid-19 h\u00e1 13 dias. Seguiu para a UTI e foi intubado na tarde de domingo. Maia est\u00e1 reagindo bem ao tratamento.<\/p>\n<p>Hoje, \u00e0s 16h, saiu o \u00faltimo boletim m\u00e9dico sobre o estado de sa\u00fade do empres\u00e1rio.<\/p>\n<p class=\"p1\"><span class=\"s1\">\u201cO paciente est\u00e1 evoluindo com melhora cl\u00ednica e com estabilidade, mantendo-se sedado, com programa\u00e7\u00e3o de 96 horas.<span class=\"Apple-converted-space\">\u00a0 <\/span>E segue reagindo bem aos tratamentos&#8221;, informa o boletim m\u00e9dico assinado<span class=\"Apple-converted-space\">\u00a0 <\/span>pelo chefe da Infectologia do Hospital Santa L\u00facia,<span class=\"Apple-converted-space\">\u00a0 <\/span>Werciley J\u00fanior, e pelo diretor m\u00e9dico do Hospital Santa L\u00facia, Eduardo Renato.<\/span><\/p>\n<p class=\"p1\"><span class=\"s1\">Segundo a Fecom\u00e9rcio-DF, Maia \u00a0\u201cdeu entrada consciente na Unidade de Terapia Intensiva (UTI) do Santa L\u00facia Norte, no domingo (17), com quadro de Covid-19, e concordou com a intuba\u00e7\u00e3o para descansar melhor&#8221;.<\/span><\/p>\n<p>Ele passou a primeira semana, ap\u00f3s o diagn\u00f3stico, em isolamento em casa. N\u00e3o apresentava sintomas fortes da doen\u00e7a e aparentava estar bem disposto. \u00a0No entanto, por precau\u00e7\u00e3o, devido \u00e0 idade (70 anos), os m\u00e9dicos recomendaram a interna\u00e7\u00e3o h\u00e1 tr\u00eas dias, para que recebesse oxig\u00eanio necess\u00e1rio.<\/p>\n","protected":false},"excerpt":{"rendered":"<p>O presidente da Fecom\u00e9rcio-DF, Francisco Maia, est\u00e1 internado no Hospital Santa L\u00facia Norte desde sexta-feira. Ele foi diagnosticado com Covid-19 h\u00e1 13 dias. Seguiu para a UTI e foi intubado na tarde de domingo. Maia est\u00e1 reagindo bem ao tratamento. Hoje, \u00e0s 16h, saiu o \u00faltimo boletim m\u00e9dico sobre o estado de sa\u00fade do empres\u00e1rio. \u201cO paciente est\u00e1 evoluindo com [&hellip;]<\/p>\n","protected":false},"author":125,"featured_media":0,"comment_status":"open","ping_status":"open","sticky":false,"template":"","format":"standard","meta":{"footnotes":""},"categories":[6],"tags":[],"class_list":["post-1409","post","type-post","status-publish","format-standard","hentry","category-coluna-capital-s-a"],"_links":{"self":[{"href":"https:\/\/blogs.correiobraziliense.com.br\/capital-sa\/wp-json\/wp\/v2\/posts\/1409","targetHints":{"allow":["GET"]}}],"collection":[{"href":"https:\/\/blogs.correiobraziliense.com.br\/capital-sa\/wp-json\/wp\/v2\/posts"}],"about":[{"href":"https:\/\/blogs.correiobraziliense.com.br\/capital-sa\/wp-json\/wp\/v2\/types\/post"}],"author":[{"embeddable":true,"href":"https:\/\/blogs.correiobraziliense.com.br\/capital-sa\/wp-json\/wp\/v2\/users\/125"}],"replies":[{"embeddable":true,"href":"https:\/\/blogs.correiobraziliense.com.br\/capital-sa\/wp-json\/wp\/v2\/comments?post=1409"}],"version-history":[{"count":20,"href":"https:\/\/blogs.correiobraziliense.com.br\/capital-sa\/wp-json\/wp\/v2\/posts\/1409\/revisions"}],"predecessor-version":[{"id":1430,"href":"https:\/\/blogs.correiobraziliense.com.br\/capital-sa\/wp-json\/wp\/v2\/posts\/1409\/revisions\/1430"}],"wp:attachment":[{"href":"https:\/\/blogs.correiobraziliense.com.br\/capital-sa\/wp-json\/wp\/v2\/media?parent=1409"}],"wp:term":[{"taxonomy":"category","embeddable":true,"href":"https:\/\/blogs.correiobraziliense.com.br\/capital-sa\/wp-json\/wp\/v2\/categories?post=1409"},{"taxonomy":"post_tag","embeddable":true,"href":"https:\/\/blogs.correiobraziliense.com.br\/capital-sa\/wp-json\/wp\/v2\/tags?post=1409"}],"curies":[{"name":"wp","href":"https:\/\/api.w.org\/{rel}","templated":true}]}}