{"id":14050,"date":"2023-08-09T12:06:15","date_gmt":"2023-08-09T15:06:15","guid":{"rendered":"https:\/\/blogs.correiobraziliense.com.br\/capital-sa\/?p=14050"},"modified":"2023-08-09T12:06:15","modified_gmt":"2023-08-09T15:06:15","slug":"solucoes-inovadoras-e-digitais-para-educacao-corporativa","status":"publish","type":"post","link":"https:\/\/blogs.correiobraziliense.com.br\/capital-sa\/2023\/08\/09\/solucoes-inovadoras-e-digitais-para-educacao-corporativa\/","title":{"rendered":"Solu\u00e7\u00f5es inovadoras e digitais para educa\u00e7\u00e3o corporativa"},"content":{"rendered":"<p class=\"p1\"><b>Por Samanta Sallum\u00a0<\/b><\/p>\n<p class=\"p1\"><span class=\"s1\">A Escola E3 agora \u00e9 Futurize.\u00a0<\/span>Os empres\u00e1rios Eraldo Queiroz, Al\u00ea Prates e Andr\u00e9 Ribeiro realizaram um rebranding da marca, criada h\u00e1 15 anos, com o intuito de acompanhar as tend\u00eancias de inova\u00e7\u00e3o do mercado. A empresa \u00e9 um hub de solu\u00e7\u00f5es em educa\u00e7\u00e3o corporativa de alto impacto. O lan\u00e7amento da nova fase \u00a0foi ontem no Conarh, um dos maiores eventos de RH do mundo, realizado em S\u00e3o Paulo.<\/p>\n<p class=\"p1\"><span class=\"s1\"><b>Reten\u00e7\u00e3o de talentos <\/b><\/span><\/p>\n<p class=\"p1\"><span class=\"s1\">\u201cAjudamos a desenvolver pessoas para o futuro das organiza\u00e7\u00f5es. Seja atrav\u00e9s de conte\u00fados em plataforma on-line, para universidades corporativas, de projetos customizados ou programas de desenvolvimento in company. Sempre com foco no aumento do engajamento dos colaboradores das empresas e para a reten\u00e7\u00e3o de talentos, que s\u00e3o dois grandes desafios hoje no dia a dia dos RHs\u201d, explica Eraldo, que \u00e9 de Bras\u00edlia.<span class=\"Apple-converted-space\">\u00a0 <\/span>A empresa, com sede em SP, tem atua\u00e7\u00e3o nacional e<span class=\"Apple-converted-space\">\u00a0tamb\u00e9m conta com\u00a0<\/span>escrit\u00f3rio no DF.<\/span><\/p>\n","protected":false},"excerpt":{"rendered":"<p>Por Samanta Sallum\u00a0 A Escola E3 agora \u00e9 Futurize.\u00a0Os empres\u00e1rios Eraldo Queiroz, Al\u00ea Prates e Andr\u00e9 Ribeiro realizaram um rebranding da marca, criada h\u00e1 15 anos, com o intuito de acompanhar as tend\u00eancias de inova\u00e7\u00e3o do mercado. A empresa \u00e9 um hub de solu\u00e7\u00f5es em educa\u00e7\u00e3o corporativa de alto impacto. O lan\u00e7amento da nova fase \u00a0foi ontem no Conarh, um [&hellip;]<\/p>\n","protected":false},"author":125,"featured_media":14054,"comment_status":"open","ping_status":"open","sticky":false,"template":"","format":"standard","meta":{"footnotes":""},"categories":[6],"tags":[],"class_list":["post-14050","post","type-post","status-publish","format-standard","has-post-thumbnail","hentry","category-coluna-capital-s-a"],"_links":{"self":[{"href":"https:\/\/blogs.correiobraziliense.com.br\/capital-sa\/wp-json\/wp\/v2\/posts\/14050","targetHints":{"allow":["GET"]}}],"collection":[{"href":"https:\/\/blogs.correiobraziliense.com.br\/capital-sa\/wp-json\/wp\/v2\/posts"}],"about":[{"href":"https:\/\/blogs.correiobraziliense.com.br\/capital-sa\/wp-json\/wp\/v2\/types\/post"}],"author":[{"embeddable":true,"href":"https:\/\/blogs.correiobraziliense.com.br\/capital-sa\/wp-json\/wp\/v2\/users\/125"}],"replies":[{"embeddable":true,"href":"https:\/\/blogs.correiobraziliense.com.br\/capital-sa\/wp-json\/wp\/v2\/comments?post=14050"}],"version-history":[{"count":3,"href":"https:\/\/blogs.correiobraziliense.com.br\/capital-sa\/wp-json\/wp\/v2\/posts\/14050\/revisions"}],"predecessor-version":[{"id":14053,"href":"https:\/\/blogs.correiobraziliense.com.br\/capital-sa\/wp-json\/wp\/v2\/posts\/14050\/revisions\/14053"}],"wp:featuredmedia":[{"embeddable":true,"href":"https:\/\/blogs.correiobraziliense.com.br\/capital-sa\/wp-json\/wp\/v2\/media\/14054"}],"wp:attachment":[{"href":"https:\/\/blogs.correiobraziliense.com.br\/capital-sa\/wp-json\/wp\/v2\/media?parent=14050"}],"wp:term":[{"taxonomy":"category","embeddable":true,"href":"https:\/\/blogs.correiobraziliense.com.br\/capital-sa\/wp-json\/wp\/v2\/categories?post=14050"},{"taxonomy":"post_tag","embeddable":true,"href":"https:\/\/blogs.correiobraziliense.com.br\/capital-sa\/wp-json\/wp\/v2\/tags?post=14050"}],"curies":[{"name":"wp","href":"https:\/\/api.w.org\/{rel}","templated":true}]}}