{"id":14044,"date":"2023-08-09T12:19:13","date_gmt":"2023-08-09T15:19:13","guid":{"rendered":"https:\/\/blogs.correiobraziliense.com.br\/capital-sa\/?p=14044"},"modified":"2023-08-09T12:19:13","modified_gmt":"2023-08-09T15:19:13","slug":"reformas-trabalhista-e-tributaria-na-pauta-do-encontro-nacional-de-sindicatos-empresariais","status":"publish","type":"post","link":"https:\/\/blogs.correiobraziliense.com.br\/capital-sa\/2023\/08\/09\/reformas-trabalhista-e-tributaria-na-pauta-do-encontro-nacional-de-sindicatos-empresariais\/","title":{"rendered":"Reformas Trabalhista e Tribut\u00e1ria na pauta do encontro nacional de sindicatos empresariais"},"content":{"rendered":"<p class=\"p1\"><b>Por Samanta Sallum<\/b><\/p>\n<p class=\"p1\">Uma delega\u00e7\u00e3o de cerca de 80 empres\u00e1rios ligados ao com\u00e9rcio no Distrito Federal participa de hoje at\u00e9 sexta-feira do 38o Congresso Nacional de Sindicatos Empresariais, em Natal (RN). No ano passado, Bras\u00edlia recebeu o evento, que re\u00fane cerca de 1 mil pessoas de todo pa\u00eds. Na pauta dos pain\u00e9is, est\u00e3o a revis\u00e3o da reforma trabalhista que o governo federal pretende promover, a reforma tribut\u00e1ria e outros temas ligados ao cen\u00e1rio econ\u00f4mico nacional.<\/p>\n<p class=\"p1\">A Fecom\u00e9rcio e o Sindivarejista do RN s\u00e3o anfitri\u00f5es. Uma das lideran\u00e7as de Bras\u00edlia que participa do encontro \u00e9 o presidente do Sindivarejista do DF e 1\u00ba vice-presidente da Fecom\u00e9rcio DF, Sebasti\u00e3o Abritta.<\/p>\n<p class=\"p1\">\u201cEsse \u00e9 um f\u00f3rum especializado para o debate de temas econ\u00f4micos atuais de interesse do varejo. A representatividade do DF \u00e9 importante, porque estamos no centro do Poder, onde s\u00e3o tomadas as grandes decis\u00f5es e podemos ter uma atua\u00e7\u00e3o mais decisiva, colaborando com todo o nosso setor de forma global\u201d, destaca Abritta.<\/p>\n<p><img loading=\"lazy\" decoding=\"async\" class=\"aligncenter size-medium wp-image-14057\" src=\"https:\/\/blogs.correiobraziliense.com.br\/capital-sa\/wp-content\/uploads\/sites\/59\/2023\/08\/DBF49BF6-A4DC-47CB-90D7-ECED33EEB0CF-300x200.jpeg\" alt=\"\" width=\"300\" height=\"200\" srcset=\"https:\/\/blogs.correiobraziliense.com.br\/capital-sa\/wp-content\/uploads\/sites\/59\/2023\/08\/DBF49BF6-A4DC-47CB-90D7-ECED33EEB0CF-300x200.jpeg 300w, https:\/\/blogs.correiobraziliense.com.br\/capital-sa\/wp-content\/uploads\/sites\/59\/2023\/08\/DBF49BF6-A4DC-47CB-90D7-ECED33EEB0CF-550x367.jpeg 550w, https:\/\/blogs.correiobraziliense.com.br\/capital-sa\/wp-content\/uploads\/sites\/59\/2023\/08\/DBF49BF6-A4DC-47CB-90D7-ECED33EEB0CF-230x154.jpeg 230w, https:\/\/blogs.correiobraziliense.com.br\/capital-sa\/wp-content\/uploads\/sites\/59\/2023\/08\/DBF49BF6-A4DC-47CB-90D7-ECED33EEB0CF.jpeg 678w\" sizes=\"auto, (max-width: 300px) 100vw, 300px\" \/><\/p>\n<p class=\"p1\"><span class=\"s1\"><b>Pol\u00edtica monet\u00e1ria <\/b><\/span><\/p>\n<p class=\"p1\"><span class=\"s1\">A redu\u00e7\u00e3o da taxa de juros Selic de 13,75% para 13,25% ao ano est\u00e1 sendo bem avaliada. \u201cAs compras para o dia dos pais, dia da crian\u00e7a, em outubro, Black-Friday, em novembro, e Natal ter\u00e3o nova dimens\u00e3o agora, porque, antes, os juros altos inibiam compras a prazo\u201d, explicou o presidente do Sindivarejista no DF. \u201cSe temos uma das taxas de infla\u00e7\u00e3o mais baixas do mundo \u00e9 porque a pol\u00edtica monet\u00e1ria foi<span class=\"Apple-converted-space\">\u00a0 <\/span>bem conduzida nos \u00faltimos anos\u201d, acrescentou. <\/span><\/p>\n<p class=\"p1\"><span class=\"s1\"><b>Custeio sindical<\/b><\/span><\/p>\n<p><img loading=\"lazy\" decoding=\"async\" class=\"aligncenter size-medium wp-image-14059\" src=\"https:\/\/blogs.correiobraziliense.com.br\/capital-sa\/wp-content\/uploads\/sites\/59\/2023\/08\/0C349810-3C82-4D10-9CB5-2811F95B263A-300x225.jpeg\" alt=\"\" width=\"300\" height=\"225\" srcset=\"https:\/\/blogs.correiobraziliense.com.br\/capital-sa\/wp-content\/uploads\/sites\/59\/2023\/08\/0C349810-3C82-4D10-9CB5-2811F95B263A-300x225.jpeg 300w, https:\/\/blogs.correiobraziliense.com.br\/capital-sa\/wp-content\/uploads\/sites\/59\/2023\/08\/0C349810-3C82-4D10-9CB5-2811F95B263A-550x413.jpeg 550w, https:\/\/blogs.correiobraziliense.com.br\/capital-sa\/wp-content\/uploads\/sites\/59\/2023\/08\/0C349810-3C82-4D10-9CB5-2811F95B263A-230x173.jpeg 230w, https:\/\/blogs.correiobraziliense.com.br\/capital-sa\/wp-content\/uploads\/sites\/59\/2023\/08\/0C349810-3C82-4D10-9CB5-2811F95B263A.jpeg 640w\" sizes=\"auto, (max-width: 300px) 100vw, 300px\" \/><\/p>\n<p class=\"p1\"><span class=\"s1\">Luiz Carlos Motta que \u00e9 deputado federal pelo PL de SP e presidente da Confedera\u00e7\u00e3o Nacional dos Trabalhadores do Com\u00e9rcio (CNTC) ser\u00e1 um dos debatedores. Ele participa do painel<span class=\"Apple-converted-space\">\u00a0<\/span><i>Reforma Sindical e fontes de custeio <\/i>de atividades, junto com o soci\u00f3logo Clemente Ganz L\u00facio.<\/span><\/p>\n","protected":false},"excerpt":{"rendered":"<p>Por Samanta Sallum Uma delega\u00e7\u00e3o de cerca de 80 empres\u00e1rios ligados ao com\u00e9rcio no Distrito Federal participa de hoje at\u00e9 sexta-feira do 38o Congresso Nacional de Sindicatos Empresariais, em Natal (RN). No ano passado, Bras\u00edlia recebeu o evento, que re\u00fane cerca de 1 mil pessoas de todo pa\u00eds. Na pauta dos pain\u00e9is, est\u00e3o a revis\u00e3o da reforma trabalhista que o [&hellip;]<\/p>\n","protected":false},"author":125,"featured_media":14058,"comment_status":"open","ping_status":"open","sticky":false,"template":"","format":"standard","meta":{"footnotes":""},"categories":[6],"tags":[],"class_list":["post-14044","post","type-post","status-publish","format-standard","has-post-thumbnail","hentry","category-coluna-capital-s-a"],"_links":{"self":[{"href":"https:\/\/blogs.correiobraziliense.com.br\/capital-sa\/wp-json\/wp\/v2\/posts\/14044","targetHints":{"allow":["GET"]}}],"collection":[{"href":"https:\/\/blogs.correiobraziliense.com.br\/capital-sa\/wp-json\/wp\/v2\/posts"}],"about":[{"href":"https:\/\/blogs.correiobraziliense.com.br\/capital-sa\/wp-json\/wp\/v2\/types\/post"}],"author":[{"embeddable":true,"href":"https:\/\/blogs.correiobraziliense.com.br\/capital-sa\/wp-json\/wp\/v2\/users\/125"}],"replies":[{"embeddable":true,"href":"https:\/\/blogs.correiobraziliense.com.br\/capital-sa\/wp-json\/wp\/v2\/comments?post=14044"}],"version-history":[{"count":5,"href":"https:\/\/blogs.correiobraziliense.com.br\/capital-sa\/wp-json\/wp\/v2\/posts\/14044\/revisions"}],"predecessor-version":[{"id":14060,"href":"https:\/\/blogs.correiobraziliense.com.br\/capital-sa\/wp-json\/wp\/v2\/posts\/14044\/revisions\/14060"}],"wp:featuredmedia":[{"embeddable":true,"href":"https:\/\/blogs.correiobraziliense.com.br\/capital-sa\/wp-json\/wp\/v2\/media\/14058"}],"wp:attachment":[{"href":"https:\/\/blogs.correiobraziliense.com.br\/capital-sa\/wp-json\/wp\/v2\/media?parent=14044"}],"wp:term":[{"taxonomy":"category","embeddable":true,"href":"https:\/\/blogs.correiobraziliense.com.br\/capital-sa\/wp-json\/wp\/v2\/categories?post=14044"},{"taxonomy":"post_tag","embeddable":true,"href":"https:\/\/blogs.correiobraziliense.com.br\/capital-sa\/wp-json\/wp\/v2\/tags?post=14044"}],"curies":[{"name":"wp","href":"https:\/\/api.w.org\/{rel}","templated":true}]}}