{"id":14021,"date":"2023-08-07T09:10:58","date_gmt":"2023-08-07T12:10:58","guid":{"rendered":"https:\/\/blogs.correiobraziliense.com.br\/capital-sa\/?p=14021"},"modified":"2023-08-06T22:18:38","modified_gmt":"2023-08-07T01:18:38","slug":"o-desafio-tecnologico-no-futuro-profissional","status":"publish","type":"post","link":"https:\/\/blogs.correiobraziliense.com.br\/capital-sa\/2023\/08\/07\/o-desafio-tecnologico-no-futuro-profissional\/","title":{"rendered":"O desafio tecnol\u00f3gico no futuro profissional"},"content":{"rendered":"<p><i>Funda\u00e7\u00e3o Telef\u00f4nica Vivo, em parceria com secretarias p\u00fablicas de Educa\u00e7\u00e3o, promove capacita\u00e7\u00e3o digital a estudantes e educadores<\/i><\/p>\n<p class=\"p1\"><b>Por Samanta Sallum\u00a0<\/b><\/p>\n<p class=\"p1\"><span class=\"s1\">O mercado de trabalho cada vez mais demanda habilidades digitais dos jovens e intensificar\u00e1 essa exig\u00eancia, como apontado pelo F\u00f3rum Econ\u00f4mico Mundial. At\u00e9 2030, ser\u00e3o criados cerca de 150 milh\u00f5es de empregos ligados \u00e0s novas tecnologias, no entanto, 67% das vagas podem n\u00e3o ser preenchidas adequadamente, pois n\u00e3o h\u00e1 proje\u00e7\u00e3o de n\u00famero suficiente de profissionais aptos para estes cargos. <\/span><\/p>\n<p class=\"p1\"><span class=\"s1\">A pauta vem guiando o trabalho da Funda\u00e7\u00e3o Telef\u00f4nica Vivo, bra\u00e7o social da empresa h\u00e1 mais de 20 anos no Brasil. O grupo leva capacita\u00e7\u00e3o digital a estudantes e educadores. Por meio de parcerias com secretarias de educa\u00e7\u00e3o e iniciativas em escolas p\u00fablicas, investiu R$ 58 milh\u00f5es, que impactou cerca de 2,2 milh\u00f5es de pessoas.<br \/>\n<\/span><\/p>\n<p class=\"p1\"><span class=\"s1\">No DF, a empresa re\u00fane funcion\u00e1rios em alguns dias trabalho para se dedicarem a levar conhecimento tecnol\u00f3gico \u00e0s escolas. <\/span><\/p>\n<p class=\"p1\"><span class=\"s1\">&#8220;Para al\u00e9m de digitalizar para aproximar, nosso prop\u00f3sito \u00e9, acima de tudo, educar para transformar. E, para que aconte\u00e7a na pr\u00e1tica, \u00e9 importante preparar professores e estudantes para uma sociedade digital\u201d, destaca Lia Glaz, Diretora-Presidente da Funda\u00e7\u00e3o Telef\u00f4nica Vivo.<\/span><\/p>\n","protected":false},"excerpt":{"rendered":"<p>Funda\u00e7\u00e3o Telef\u00f4nica Vivo, em parceria com secretarias p\u00fablicas de Educa\u00e7\u00e3o, promove capacita\u00e7\u00e3o digital a estudantes e educadores Por Samanta Sallum\u00a0 O mercado de trabalho cada vez mais demanda habilidades digitais dos jovens e intensificar\u00e1 essa exig\u00eancia, como apontado pelo F\u00f3rum Econ\u00f4mico Mundial. At\u00e9 2030, ser\u00e3o criados cerca de 150 milh\u00f5es de empregos ligados \u00e0s novas tecnologias, no entanto, 67% das [&hellip;]<\/p>\n","protected":false},"author":125,"featured_media":14027,"comment_status":"open","ping_status":"open","sticky":false,"template":"","format":"standard","meta":{"footnotes":""},"categories":[6],"tags":[],"class_list":["post-14021","post","type-post","status-publish","format-standard","has-post-thumbnail","hentry","category-coluna-capital-s-a"],"_links":{"self":[{"href":"https:\/\/blogs.correiobraziliense.com.br\/capital-sa\/wp-json\/wp\/v2\/posts\/14021","targetHints":{"allow":["GET"]}}],"collection":[{"href":"https:\/\/blogs.correiobraziliense.com.br\/capital-sa\/wp-json\/wp\/v2\/posts"}],"about":[{"href":"https:\/\/blogs.correiobraziliense.com.br\/capital-sa\/wp-json\/wp\/v2\/types\/post"}],"author":[{"embeddable":true,"href":"https:\/\/blogs.correiobraziliense.com.br\/capital-sa\/wp-json\/wp\/v2\/users\/125"}],"replies":[{"embeddable":true,"href":"https:\/\/blogs.correiobraziliense.com.br\/capital-sa\/wp-json\/wp\/v2\/comments?post=14021"}],"version-history":[{"count":5,"href":"https:\/\/blogs.correiobraziliense.com.br\/capital-sa\/wp-json\/wp\/v2\/posts\/14021\/revisions"}],"predecessor-version":[{"id":14026,"href":"https:\/\/blogs.correiobraziliense.com.br\/capital-sa\/wp-json\/wp\/v2\/posts\/14021\/revisions\/14026"}],"wp:featuredmedia":[{"embeddable":true,"href":"https:\/\/blogs.correiobraziliense.com.br\/capital-sa\/wp-json\/wp\/v2\/media\/14027"}],"wp:attachment":[{"href":"https:\/\/blogs.correiobraziliense.com.br\/capital-sa\/wp-json\/wp\/v2\/media?parent=14021"}],"wp:term":[{"taxonomy":"category","embeddable":true,"href":"https:\/\/blogs.correiobraziliense.com.br\/capital-sa\/wp-json\/wp\/v2\/categories?post=14021"},{"taxonomy":"post_tag","embeddable":true,"href":"https:\/\/blogs.correiobraziliense.com.br\/capital-sa\/wp-json\/wp\/v2\/tags?post=14021"}],"curies":[{"name":"wp","href":"https:\/\/api.w.org\/{rel}","templated":true}]}}