{"id":1399,"date":"2021-01-18T07:40:10","date_gmt":"2021-01-18T10:40:10","guid":{"rendered":"https:\/\/blogs.correiobraziliense.com.br\/capital-sa\/?p=1399"},"modified":"2021-01-18T11:33:21","modified_gmt":"2021-01-18T14:33:21","slug":"mais-procura-por-exames-de-covid","status":"publish","type":"post","link":"https:\/\/blogs.correiobraziliense.com.br\/capital-sa\/2021\/01\/18\/mais-procura-por-exames-de-covid\/","title":{"rendered":"Mais procura por exames de Covid"},"content":{"rendered":"<p>O grupo Sabin, fundado em Bras\u00edlia, est\u00e1 hoje espalhado por todo o pa\u00eds. Tem 296 unidades, inclusive em Manaus, onde a situa\u00e7\u00e3o causada pela pandemia \u00e9 muito grave.<\/p>\n<p>Rafael J\u00e1camo, diretor t\u00e9cnico do Grupo Sabin, informou que aumentou em pelo menos 20% a procura de exames para diagn\u00f3stico de Covid-19 nas cl\u00ednicas do Sabin comparada a novembro. Ao todo, est\u00e3o sendo realizados 4 mil testes de PCR por dia no Brasil.<\/p>\n<p>No DF, h\u00e1 100 unidades do Sabin e dessas 12 realizam o exame (veja lista no blog <em>Capital S\/A<\/em>).<\/p>\n<h3><\/h3>\n<h3>Prioridade da rede p\u00fablica<\/h3>\n<p>Sobre a vacina, J\u00e1camo frisou que o grupo Sabin, a princ\u00edpio, n\u00e3o vai \u201ccompetir\u201d no mercado para obter o produto por entender que a prioridade tem de ser o abastecimento da rede p\u00fablica. &#8220;Nossa posi\u00e7\u00e3o \u00e9 clara. Vamos esperar a plano de vacina\u00e7\u00e3o da rede p\u00fablica. Desejamos que todos possam ser vacinados pelo programa nacional de imuniza\u00e7\u00e3o&#8221;, explica.<\/p>\n<p class=\"s3\"><span class=\"s2\"><span class=\"bumpedFont15\">Unidades Sabin Exclusivas <\/span><\/span><span class=\"s2\"><span class=\"bumpedFont15\">Covid<\/span><\/span><\/p>\n<p class=\"s3\"><span class=\"s2\"><span class=\"bumpedFont15\">BRAS\u00cdLIA<\/span><\/span><\/p>\n<p class=\"s3\"><span class=\"s4\"><span class=\"bumpedFont15\">Asa Norte: SCRN 708\/709, Bloco D, Loja 11<\/span><\/span><\/p>\n<p class=\"s3\"><span class=\"s4\"><span class=\"bumpedFont15\">Hor\u00e1rio: Segunda a sexta: 6h30 \u00e0s 17h<\/span><\/span><\/p>\n<p class=\"s3\"><span class=\"s4\"><span class=\"bumpedFont15\">S\u00e1bados: 6h30 \u00e0s 16h \/ Domingos: 7h \u00e0s 16h<\/span><\/span><\/p>\n<p class=\"s3\"><span class=\"s4\"><span class=\"bumpedFont15\">Telefone:\u00a0<\/span><\/span><a><span class=\"s5\"><span class=\"bumpedFont15\">(61) 3329-8000<\/span><\/span><\/a><\/p>\n<p class=\"s3\"><span class=\"s4\"><span class=\"bumpedFont15\">Asa Norte: Edif\u00edcio <\/span><\/span><span class=\"s4\"><span class=\"bumpedFont15\">Med<\/span><\/span><span class=\"s4\"><span class=\"bumpedFont15\"> Center, SHLN, Bloco M, Lojas 96\/120<\/span><\/span><\/p>\n<p class=\"s3\"><span class=\"s4\"><span class=\"bumpedFont15\">Hor\u00e1rio: Segunda a sexta: 7h \u00e0s 17h<\/span><\/span><\/p>\n<p class=\"s3\"><span class=\"s4\"><span class=\"bumpedFont15\">S\u00e1bados: 7h \u00e0s 16h \/ Domingos: 7h \u00e0s 16h<\/span><\/span><\/p>\n<p class=\"s3\"><span class=\"s4\"><span class=\"bumpedFont15\">Telefone:\u00a0<\/span><\/span><a><span class=\"s5\"><span class=\"bumpedFont15\">(61) 3329-8000<\/span><\/span><\/a><\/p>\n<p class=\"s3\"><span class=\"s4\"><span class=\"bumpedFont15\">Asa Norte: SGAN 608, Via L3, Centro Cl\u00ednico Life, M\u00f3dulo F, Sala S-33<\/span><\/span><\/p>\n<p class=\"s3\"><span class=\"s4\"><span class=\"bumpedFont15\">Hor\u00e1rio: Segunda a sexta: 6h30 \u00e0s 17h<\/span><\/span><\/p>\n<p class=\"s3\"><span class=\"s4\"><span class=\"bumpedFont15\">S\u00e1bados: 7h \u00e0s 16h \/ Domingos: 7h \u00e0s 16h<\/span><\/span><\/p>\n<p class=\"s3\"><span class=\"s4\"><span class=\"bumpedFont15\">Telefone:\u00a0<\/span><\/span><a><span class=\"s5\"><span class=\"bumpedFont15\">(61) 3329-8000<\/span><\/span><\/a><\/p>\n<p class=\"s3\"><span class=\"s4\"><span class=\"bumpedFont15\">Asa Sul: SBS \u2013 Setor Banc\u00e1rio Sul, Edif\u00edcio Financial Center Parking, Quadra 01, Bloco C, Loja 16<\/span><\/span><\/p>\n<p class=\"s3\"><span class=\"s4\"><span class=\"bumpedFont15\">Hor\u00e1rio: Segunda a sexta: 7h \u00e0s 17h<\/span><\/span><\/p>\n<p class=\"s3\"><span class=\"s4\"><span class=\"bumpedFont15\">S\u00e1bados: 7h \u00e0s 16h \/ Domingos: 7h \u00e0s 16h<\/span><\/span><\/p>\n<p class=\"s3\"><span class=\"s4\"><span class=\"bumpedFont15\">Telefone:\u00a0<\/span><\/span><a><span class=\"s5\"><span class=\"bumpedFont15\">(61) 3329-8000<\/span><\/span><\/a><\/p>\n<p class=\"s3\"><span class=\"s4\"><span class=\"bumpedFont15\">Asa Sul: Edif\u00edcio Medical Center &#8211; SHLS, Loja 22<\/span><\/span><\/p>\n<p class=\"s3\"><span class=\"s4\"><span class=\"bumpedFont15\">Hor\u00e1rio: Segunda a sexta: 6h30 \u00e0s 17h<\/span><\/span><\/p>\n<p class=\"s3\"><span class=\"s4\"><span class=\"bumpedFont15\">S\u00e1bados: 6h30 \u00e0s 12h<\/span><\/span><\/p>\n<p class=\"s3\"><span class=\"s4\"><span class=\"bumpedFont15\">Telefone:\u00a0<\/span><\/span><a><span class=\"s5\"><span class=\"bumpedFont15\">(61) 3329-8000<\/span><\/span><\/a><\/p>\n<p class=\"s3\"><span class=\"s4\"><span class=\"bumpedFont15\">Ceil\u00e2ndia JK: QNL 30, Conjunto <\/span><\/span><span class=\"s4\"><span class=\"bumpedFont15\">A, Lote<\/span><\/span><span class=\"s4\"><span class=\"bumpedFont15\"> 02, Loja 01<\/span><\/span><\/p>\n<p class=\"s3\"><span class=\"s4\"><span class=\"bumpedFont15\">Hor\u00e1rio: Segunda a sexta: 7h \u00e0s 17h<\/span><\/span><\/p>\n<p class=\"s3\"><span class=\"s4\"><span class=\"bumpedFont15\">S\u00e1bados: 7h \u00e0s 16h \/ Domingos: 7h \u00e0s 16h<\/span><\/span><\/p>\n<p class=\"s3\"><span class=\"s4\"><span class=\"bumpedFont15\">Telefone:\u00a0<\/span><\/span><a><span class=\"s5\"><span class=\"bumpedFont15\">(61) 3329-8000<\/span><\/span><\/a><\/p>\n<p class=\"s3\"><span class=\"s4\"><span class=\"bumpedFont15\">Gama Leste: Setor Leste, Quadra 15, Lote 20, <\/span><\/span><span class=\"s4\"><span class=\"bumpedFont15\">Comercial<\/span><\/span><\/p>\n<p class=\"s3\"><span class=\"s4\"><span class=\"bumpedFont15\">Hor\u00e1rio: Segunda a sexta: 7h \u00e0s 17h<\/span><\/span><\/p>\n<p class=\"s3\"><span class=\"s4\"><span class=\"bumpedFont15\">S\u00e1bados: 7h \u00e0s 16h \/ Domingos: 7h \u00e0s 16h<\/span><\/span><\/p>\n<p class=\"s3\"><span class=\"s4\"><span class=\"bumpedFont15\">Telefone:\u00a0<\/span><\/span><a><span class=\"s5\"><span class=\"bumpedFont15\">(61) 3329-8000<\/span><\/span><\/a><\/p>\n<p class=\"s3\"><span class=\"s4\"><span class=\"bumpedFont15\">Guar\u00e1: Edif\u00edcio Real Mix, SRIA, QI 25, Bloco <\/span><\/span><span class=\"s4\"><span class=\"bumpedFont15\">A, Loja<\/span><\/span><span class=\"s4\"><span class=\"bumpedFont15\"> 11 (pr\u00f3ximo a panificadora P\u00e3o Dourado)<\/span><\/span><\/p>\n<p class=\"s3\"><span class=\"s4\"><span class=\"bumpedFont15\">Hor\u00e1rio: Segunda a sexta: 7h \u00e0s 17h\u00a0<\/span><\/span><\/p>\n<p class=\"s3\"><span class=\"s4\"><span class=\"bumpedFont15\">S\u00e1bados: 7h \u00e0s 16h \/ Domingos: 7h \u00e0s 16h<\/span><\/span><\/p>\n<p class=\"s3\"><span class=\"s4\"><span class=\"bumpedFont15\">Telefone:\u00a0<\/span><\/span><a><span class=\"s5\"><span class=\"bumpedFont15\">(61) 3329-8000<\/span><\/span><\/a><\/p>\n<p class=\"s3\"><span class=\"s4\"><span class=\"bumpedFont15\">Sobradinho: Quadra 09, CL 04, Lojas 01 e 02<\/span><\/span><\/p>\n<p class=\"s3\"><span class=\"s4\"><span class=\"bumpedFont15\">Hor\u00e1rio: Segunda a sexta: 7h \u00e0s 17h<\/span><\/span><\/p>\n<p class=\"s3\"><span class=\"s4\"><span class=\"bumpedFont15\">S\u00e1bados: 7h \u00e0s 16h \/ Domingos: 7h \u00e0s 16h<\/span><\/span><\/p>\n<p class=\"s3\"><span class=\"s4\"><span class=\"bumpedFont15\">Telefone:\u00a0<\/span><\/span><a><span class=\"s5\"><span class=\"bumpedFont15\">(61) 3329-8000<\/span><\/span><\/a><\/p>\n<p class=\"s7\"><span class=\"s6\"><span class=\"bumpedFont15\">HOR\u00c1RIOS ATENDIMENTO DRIVE-THRU<\/span><\/span><\/p>\n<p class=\"s3\"><span class=\"s4\"><span class=\"bumpedFont15\">Com agendamento 100% digital, a coleta para exames da COVID-19 \u00e9 realizada no conforto e seguran\u00e7a do seu carro. Confira os pontos de coleta dispon\u00edveis em sua regi\u00e3o.<\/span><\/span><\/p>\n<p class=\"s3\"><span class=\"s2\"><span class=\"bumpedFont15\">BRAS\u00cdLIA<\/span><\/span><\/p>\n<p class=\"s3\"><span class=\"s4\"><span class=\"bumpedFont15\">SAAN &#8211; SAA <\/span><\/span><span class=\"s4\"><span class=\"bumpedFont15\">Qd<\/span><\/span><span class=\"s4\"><span class=\"bumpedFont15\">. 3 Lote 165 &#8211; Sede Sabin<\/span><\/span><\/p>\n<p class=\"s3\"><span class=\"s4\"><span class=\"bumpedFont15\">Segunda a sexta: 7h \u00e0s 17h<\/span><\/span><\/p>\n<p class=\"s3\"><span class=\"s4\"><span class=\"bumpedFont15\">S\u00e1bados: 7h \u00e0s 16h \/ Domingos: 7h \u00e0s 16h<\/span><\/span><\/p>\n<p class=\"s3\"><span class=\"s4\"><span class=\"bumpedFont15\">Telefone:\u00a0<\/span><\/span><a><span class=\"s5\"><span class=\"bumpedFont15\">(61) 3329-8000<\/span><\/span><\/a><\/p>\n<p class=\"s3\"><span class=\"s4\"><span class=\"bumpedFont15\">Parque da Cidade \u2013 Parque Recreativo Sarah Kubitschek, Estacionamento 12, Asa Sul<\/span><\/span><\/p>\n<p class=\"s3\"><span class=\"s4\"><span class=\"bumpedFont15\">Segunda a sexta: 7h \u00e0s 17h<\/span><\/span><\/p>\n<p class=\"s3\"><span class=\"s4\"><span class=\"bumpedFont15\">S\u00e1bados: 7h \u00e0s 16h \/ Domingos: 7h \u00e0s 16h<\/span><\/span><\/p>\n<p class=\"s3\"><span class=\"s4\"><span class=\"bumpedFont15\">Telefone:\u00a0<\/span><\/span><a><span class=\"s5\"><span class=\"bumpedFont15\">(61) 3329-8000<\/span><\/span><\/a><\/p>\n<p class=\"s3\"><span class=\"s4\"><span class=\"bumpedFont15\">\u00c1guas Claras &#8211; Avenida Pau Brasil (Estacionamento da UNIPLAN)<\/span><\/span><\/p>\n<p class=\"s3\"><span class=\"s4\"><span class=\"bumpedFont15\">Segunda a sexta: 7h \u00e0s 17h<\/span><\/span><\/p>\n<p class=\"s3\"><span class=\"s4\"><span class=\"bumpedFont15\">S\u00e1bados: 7h \u00e0s 16h \/ Domingos: 7h \u00e0s 16h<\/span><\/span><\/p>\n<p class=\"s3\"><span class=\"s4\"><span class=\"bumpedFont15\">Telefone:\u00a0<\/span><\/span><a><span class=\"s5\"><span class=\"bumpedFont15\">(61) 3329-8000<\/span><\/span><\/a><\/p>\n","protected":false},"excerpt":{"rendered":"<p>O grupo Sabin, fundado em Bras\u00edlia, est\u00e1 hoje espalhado por todo o pa\u00eds. Tem 296 unidades, inclusive em Manaus, onde a situa\u00e7\u00e3o causada pela pandemia \u00e9 muito grave. Rafael J\u00e1camo, diretor t\u00e9cnico do Grupo Sabin, informou que aumentou em pelo menos 20% a procura de exames para diagn\u00f3stico de Covid-19 nas cl\u00ednicas do Sabin comparada a novembro. Ao todo, est\u00e3o [&hellip;]<\/p>\n","protected":false},"author":125,"featured_media":1400,"comment_status":"open","ping_status":"open","sticky":false,"template":"","format":"standard","meta":{"footnotes":""},"categories":[6],"tags":[224,138,474,475,473,274],"class_list":["post-1399","post","type-post","status-publish","format-standard","has-post-thumbnail","hentry","category-coluna-capital-s-a","tag-covid-19","tag-gruposabin","tag-prioridade","tag-redepublica","tag-testes","tag-vacinacao"],"_links":{"self":[{"href":"https:\/\/blogs.correiobraziliense.com.br\/capital-sa\/wp-json\/wp\/v2\/posts\/1399","targetHints":{"allow":["GET"]}}],"collection":[{"href":"https:\/\/blogs.correiobraziliense.com.br\/capital-sa\/wp-json\/wp\/v2\/posts"}],"about":[{"href":"https:\/\/blogs.correiobraziliense.com.br\/capital-sa\/wp-json\/wp\/v2\/types\/post"}],"author":[{"embeddable":true,"href":"https:\/\/blogs.correiobraziliense.com.br\/capital-sa\/wp-json\/wp\/v2\/users\/125"}],"replies":[{"embeddable":true,"href":"https:\/\/blogs.correiobraziliense.com.br\/capital-sa\/wp-json\/wp\/v2\/comments?post=1399"}],"version-history":[{"count":6,"href":"https:\/\/blogs.correiobraziliense.com.br\/capital-sa\/wp-json\/wp\/v2\/posts\/1399\/revisions"}],"predecessor-version":[{"id":1406,"href":"https:\/\/blogs.correiobraziliense.com.br\/capital-sa\/wp-json\/wp\/v2\/posts\/1399\/revisions\/1406"}],"wp:featuredmedia":[{"embeddable":true,"href":"https:\/\/blogs.correiobraziliense.com.br\/capital-sa\/wp-json\/wp\/v2\/media\/1400"}],"wp:attachment":[{"href":"https:\/\/blogs.correiobraziliense.com.br\/capital-sa\/wp-json\/wp\/v2\/media?parent=1399"}],"wp:term":[{"taxonomy":"category","embeddable":true,"href":"https:\/\/blogs.correiobraziliense.com.br\/capital-sa\/wp-json\/wp\/v2\/categories?post=1399"},{"taxonomy":"post_tag","embeddable":true,"href":"https:\/\/blogs.correiobraziliense.com.br\/capital-sa\/wp-json\/wp\/v2\/tags?post=1399"}],"curies":[{"name":"wp","href":"https:\/\/api.w.org\/{rel}","templated":true}]}}