{"id":1394,"date":"2021-01-18T10:18:50","date_gmt":"2021-01-18T13:18:50","guid":{"rendered":"https:\/\/blogs.correiobraziliense.com.br\/capital-sa\/?p=1394"},"modified":"2021-01-18T12:06:12","modified_gmt":"2021-01-18T15:06:12","slug":"cro-denuncia-precos-abusivos-de-luvas-e-mascaras","status":"publish","type":"post","link":"https:\/\/blogs.correiobraziliense.com.br\/capital-sa\/2021\/01\/18\/cro-denuncia-precos-abusivos-de-luvas-e-mascaras\/","title":{"rendered":"CFO denuncia pre\u00e7os abusivos de luvas e m\u00e1scaras"},"content":{"rendered":"<p>O Minist\u00e9rio P\u00fablico Federal (MPF) abriu, no m\u00eas de dezembro, inqu\u00e9rito para apura\u00e7\u00e3o de aumentos abusivos de pre\u00e7os de Equipamentos de Prote\u00e7\u00e3o Individual (EPIs) praticados durante a pandemia de Covid-19. A a\u00e7\u00e3o atendeu a um pedido do Conselho Federal de Odontologia (CFO), que representa milhares de cl\u00ednicas, empresas e profissionais do setor. A entidade est\u00e1 atuando junto \u00e0 Secretaria de Direito Econ\u00f4mico, do Minist\u00e9rio da Justi\u00e7a, \u00a0para que tome provid\u00eancias.<\/p>\n<p>No DF, \u00a0representa mais de 2 mil cl\u00ednicas, al\u00e9m de cerca de 13 mil profissionais da \u00e1rea.<\/p>\n<p>&nbsp;<\/p>\n<h3>Registros no Procon<\/h3>\n<p>O segmento encaminhou diversas reclama\u00e7\u00f5es em todo o pa\u00eds de alta pre\u00e7os que comprometem e dificultam a compra de itens essenciais para o adequado exerc\u00edcio da profiss\u00e3o.<\/p>\n<h3><\/h3>\n<h3>Contato com o GDF<\/h3>\n<p>O Conselho Regional de Odontologia (CRO-DF) tamb\u00e9m iniciou o ano recebendo, diariamente, den\u00fancias de estabelecimentos que seguem praticando pre\u00e7os abusivos por luvas, m\u00e1scaras e aventais descart\u00e1veis. E est\u00e1 em contato com o Procon e autoridades do GDF para resolver o problema.<\/p>\n<h3><\/h3>\n<h3>Preju\u00edzos<\/h3>\n<p><img loading=\"lazy\" decoding=\"async\" class=\"aligncenter size-medium wp-image-1396\" src=\"https:\/\/blogs.correiobraziliense.com.br\/capital-sa\/wp-content\/uploads\/sites\/59\/2021\/01\/h-4-300x199.jpg\" alt=\"\" width=\"300\" height=\"199\" srcset=\"https:\/\/blogs.correiobraziliense.com.br\/capital-sa\/wp-content\/uploads\/sites\/59\/2021\/01\/h-4-300x199.jpg 300w, https:\/\/blogs.correiobraziliense.com.br\/capital-sa\/wp-content\/uploads\/sites\/59\/2021\/01\/h-4-768x508.jpg 768w, https:\/\/blogs.correiobraziliense.com.br\/capital-sa\/wp-content\/uploads\/sites\/59\/2021\/01\/h-4-1024x678.jpg 1024w, https:\/\/blogs.correiobraziliense.com.br\/capital-sa\/wp-content\/uploads\/sites\/59\/2021\/01\/h-4-800x529.jpg 800w, https:\/\/blogs.correiobraziliense.com.br\/capital-sa\/wp-content\/uploads\/sites\/59\/2021\/01\/h-4-550x364.jpg 550w, https:\/\/blogs.correiobraziliense.com.br\/capital-sa\/wp-content\/uploads\/sites\/59\/2021\/01\/h-4-230x152.jpg 230w, https:\/\/blogs.correiobraziliense.com.br\/capital-sa\/wp-content\/uploads\/sites\/59\/2021\/01\/h-4.jpg 1280w\" sizes=\"auto, (max-width: 300px) 100vw, 300px\" \/><\/p>\n<p>&#8220;Esse aumento nos custos de EPIs interfere profundamente no atendimento odontol\u00f3gico. Os equipamentos de prote\u00e7\u00e3o utilizados \u2013 que n\u00e3o s\u00e3o poucos \u2013 precisam ser trocados a cada paciente. O preju\u00edzo recai sobre os profissionais de odontologia e sobre a popula\u00e7\u00e3o&#8221;, alerta o presidente regional da entidade, Marco Ant\u00f4nio dos Santos.<\/p>\n<h3><\/h3>\n<h3>Riscos de contamina\u00e7\u00e3o<\/h3>\n<p>A Odontologia est\u00e1 entre as profiss\u00f5es de sa\u00fade sujeitas a cont\u00e1gio por Covid-19, uma vez que o v\u00edrus se propaga principalmente por meio de got\u00edculas de saliva, al\u00e9m das caracter\u00edsticas pr\u00f3prias do procedimento de trabalho e dos instrumentos manejados pelos profissionais da \u00e1rea, seja na rede p\u00fablica, seja na particular.<\/p>\n","protected":false},"excerpt":{"rendered":"<p>O Minist\u00e9rio P\u00fablico Federal (MPF) abriu, no m\u00eas de dezembro, inqu\u00e9rito para apura\u00e7\u00e3o de aumentos abusivos de pre\u00e7os de Equipamentos de Prote\u00e7\u00e3o Individual (EPIs) praticados durante a pandemia de Covid-19. A a\u00e7\u00e3o atendeu a um pedido do Conselho Federal de Odontologia (CFO), que representa milhares de cl\u00ednicas, empresas e profissionais do setor. A entidade est\u00e1 atuando junto \u00e0 Secretaria de [&hellip;]<\/p>\n","protected":false},"author":125,"featured_media":1395,"comment_status":"open","ping_status":"open","sticky":false,"template":"","format":"standard","meta":{"footnotes":""},"categories":[6],"tags":[471,467,224,472,469,470,468],"class_list":["post-1394","post","type-post","status-publish","format-standard","has-post-thumbnail","hentry","category-coluna-capital-s-a","tag-precos","tag-cfo","tag-covid-19","tag-crodf","tag-denuncia","tag-mpf","tag-odontologia"],"_links":{"self":[{"href":"https:\/\/blogs.correiobraziliense.com.br\/capital-sa\/wp-json\/wp\/v2\/posts\/1394","targetHints":{"allow":["GET"]}}],"collection":[{"href":"https:\/\/blogs.correiobraziliense.com.br\/capital-sa\/wp-json\/wp\/v2\/posts"}],"about":[{"href":"https:\/\/blogs.correiobraziliense.com.br\/capital-sa\/wp-json\/wp\/v2\/types\/post"}],"author":[{"embeddable":true,"href":"https:\/\/blogs.correiobraziliense.com.br\/capital-sa\/wp-json\/wp\/v2\/users\/125"}],"replies":[{"embeddable":true,"href":"https:\/\/blogs.correiobraziliense.com.br\/capital-sa\/wp-json\/wp\/v2\/comments?post=1394"}],"version-history":[{"count":4,"href":"https:\/\/blogs.correiobraziliense.com.br\/capital-sa\/wp-json\/wp\/v2\/posts\/1394\/revisions"}],"predecessor-version":[{"id":1408,"href":"https:\/\/blogs.correiobraziliense.com.br\/capital-sa\/wp-json\/wp\/v2\/posts\/1394\/revisions\/1408"}],"wp:featuredmedia":[{"embeddable":true,"href":"https:\/\/blogs.correiobraziliense.com.br\/capital-sa\/wp-json\/wp\/v2\/media\/1395"}],"wp:attachment":[{"href":"https:\/\/blogs.correiobraziliense.com.br\/capital-sa\/wp-json\/wp\/v2\/media?parent=1394"}],"wp:term":[{"taxonomy":"category","embeddable":true,"href":"https:\/\/blogs.correiobraziliense.com.br\/capital-sa\/wp-json\/wp\/v2\/categories?post=1394"},{"taxonomy":"post_tag","embeddable":true,"href":"https:\/\/blogs.correiobraziliense.com.br\/capital-sa\/wp-json\/wp\/v2\/tags?post=1394"}],"curies":[{"name":"wp","href":"https:\/\/api.w.org\/{rel}","templated":true}]}}