{"id":13914,"date":"2023-07-27T18:25:19","date_gmt":"2023-07-27T21:25:19","guid":{"rendered":"https:\/\/blogs.correiobraziliense.com.br\/capital-sa\/?p=13914"},"modified":"2023-07-27T19:09:47","modified_gmt":"2023-07-27T22:09:47","slug":"projeto-de-concessao-da-rodoviaria-do-plano-piloto-e-aprovado-pelo-conplan","status":"publish","type":"post","link":"https:\/\/blogs.correiobraziliense.com.br\/capital-sa\/2023\/07\/27\/projeto-de-concessao-da-rodoviaria-do-plano-piloto-e-aprovado-pelo-conplan\/","title":{"rendered":"Projeto de concess\u00e3o da Rodovi\u00e1ria do Plano Piloto \u00e9 aprovado pelo Conplan"},"content":{"rendered":"<p class=\"p1\"><em>Est\u00e1 prevista a segunda esta\u00e7\u00e3o do BRT no local e recupera\u00e7\u00e3o da estrutura da atual edifica\u00e7\u00e3o. GDF vai encaminhar projeto de lei \u00e0 C\u00e2mara Legislativa\u00a0<\/em><\/p>\n<p><b>Por Samanta Sallum\u00a0<\/b><\/p>\n<p class=\"p1\"><span class=\"s1\">As diretrizes que dever\u00e3o orientar a execu\u00e7\u00e3o do projeto da Parceria P\u00fablico Privada (PPP) para administrar a Rodovi\u00e1ria do Plano Piloto foram aprovadas hoje pelo Conselho de Planejamento Territorial e Urbano do Distrito Federal (Conplan). A empresa que for selecionada ter\u00e1 20 anos para administrar o terminal de transporte p\u00fablico. Cerca de 700 mil pessoas de todo o DF passam diariamente pelo local.<\/span><\/p>\n<p>Vencida essa etapa, o GDF vai encaminhar nos pr\u00f3ximos dias projeto de lei para C\u00e2mara Legislativa autorizar a concess\u00e3o. E, assim, o edital de concorr\u00eancia ser\u00e1 lan\u00e7ado.<\/p>\n<p class=\"p1\"><span class=\"s1\">Como prioridades, a Secretaria de Transporte e Mobilidade (Semob) definiu a moderniza\u00e7\u00e3o e recupera\u00e7\u00e3o estrutural de todo o complexo vi\u00e1rio, a manuten\u00e7\u00e3o e adequa\u00e7\u00e3o do modelo operacional do terminal como prioridades.<\/span><\/p>\n<p class=\"p1\">Est\u00e3o previstas a amplia\u00e7\u00e3o das cal\u00e7adas, rampas de acesso, piso t\u00e1til e sinais sonoros al\u00e9m da moderniza\u00e7\u00e3o dos elevadores e escadas rolantes e estacionamentos nas \u00e1reas adjacentes do complexo rodovi\u00e1rio.<\/p>\n<p><b>Readequa\u00e7\u00e3o das lojas\u00a0<\/b><\/p>\n<p class=\"p1\">Tamb\u00e9m ser\u00e1 instalada no local uma segunda esta\u00e7\u00e3o do Bus Rapid Transit (BRT). As duas plataformas ficar\u00e3o no n\u00edvel inferior. Os espa\u00e7os de circula\u00e7\u00e3o dos passageiros ser\u00e3o ampliados com a readequa\u00e7\u00e3o das lojas que permanecer\u00e3o no local.<\/p>\n<p class=\"p1\"><span class=\"s1\">\u00a0<\/span>\u201cHoje, delimitamos as diretrizes b\u00e1sicas que dever\u00e3o pautar a publica\u00e7\u00e3o desse edital de concorr\u00eancia da concess\u00e3o. Tivemos aqui discuss\u00f5es sobre aspectos urban\u00edstico, arquitet\u00f4nico e tamb\u00e9m sociais, que ser\u00e3o considerados pela Semob e pela Seduh, trabalhando sempre em parceria, para conseguir tirar esse processo do papel e de fato entreg\u00e1-lo \u00e0 popula\u00e7\u00e3o\u201d,\u00a0explicou o secret\u00e1rio de Desenvolvimento Urbano e Habita\u00e7\u00e3o (Seduh), Marcelo Vaz.<\/p>\n<p>A apresenta\u00e7\u00e3o do projeto de concep\u00e7\u00e3o ao Conplan, para esclarecimentos sobre as obras que ser\u00e3o realizadas no terminal pela futura concession\u00e1ria, foi uma determina\u00e7\u00e3o do Tribunal de Contas do DF (TCDF).<\/p>\n<p><b>Patrim\u00f4nio urban\u00edstico\u00a0<\/b><\/p>\n<p class=\"p1\"><span class=\"s1\">Para a relatora do projeto, a urbanista Giselle Moll, representante do Conselho de Arquitetura e Urbanismo do Distrito Federal (CAU), a aprova\u00e7\u00e3o pelo Conplan preserva o local como equipamento p\u00fablico.<\/span><\/p>\n<p class=\"p1\"><span class=\"s1\">\u00a0<\/span>\u201cA rodovi\u00e1ria, projetada por L\u00facio Costa, \u00e9 um patrim\u00f4nio de Bras\u00edlia n\u00e3o s\u00f3 cultural e arquitet\u00f4nico mas tamb\u00e9m social, j\u00e1 que \u00e9 a sala de encontro de todos os brasilienses. Quem mora em Planaltina, Ceil\u00e2ndia, Santa Maria, todo mundo se encontra aqui. Por isso, a gente tem que ter o m\u00e1ximo cuidado em preserv\u00e1-la e mant\u00ea-la como equipamento p\u00fablico.\u201d<\/p>\n<p class=\"p1\">\n","protected":false},"excerpt":{"rendered":"<p>Est\u00e1 prevista a segunda esta\u00e7\u00e3o do BRT no local e recupera\u00e7\u00e3o da estrutura da atual edifica\u00e7\u00e3o. GDF vai encaminhar projeto de lei \u00e0 C\u00e2mara Legislativa\u00a0 Por Samanta Sallum\u00a0 As diretrizes que dever\u00e3o orientar a execu\u00e7\u00e3o do projeto da Parceria P\u00fablico Privada (PPP) para administrar a Rodovi\u00e1ria do Plano Piloto foram aprovadas hoje pelo Conselho de Planejamento Territorial e Urbano do [&hellip;]<\/p>\n","protected":false},"author":125,"featured_media":5765,"comment_status":"open","ping_status":"open","sticky":false,"template":"","format":"standard","meta":{"footnotes":""},"categories":[6],"tags":[],"class_list":["post-13914","post","type-post","status-publish","format-standard","has-post-thumbnail","hentry","category-coluna-capital-s-a"],"_links":{"self":[{"href":"https:\/\/blogs.correiobraziliense.com.br\/capital-sa\/wp-json\/wp\/v2\/posts\/13914","targetHints":{"allow":["GET"]}}],"collection":[{"href":"https:\/\/blogs.correiobraziliense.com.br\/capital-sa\/wp-json\/wp\/v2\/posts"}],"about":[{"href":"https:\/\/blogs.correiobraziliense.com.br\/capital-sa\/wp-json\/wp\/v2\/types\/post"}],"author":[{"embeddable":true,"href":"https:\/\/blogs.correiobraziliense.com.br\/capital-sa\/wp-json\/wp\/v2\/users\/125"}],"replies":[{"embeddable":true,"href":"https:\/\/blogs.correiobraziliense.com.br\/capital-sa\/wp-json\/wp\/v2\/comments?post=13914"}],"version-history":[{"count":18,"href":"https:\/\/blogs.correiobraziliense.com.br\/capital-sa\/wp-json\/wp\/v2\/posts\/13914\/revisions"}],"predecessor-version":[{"id":13933,"href":"https:\/\/blogs.correiobraziliense.com.br\/capital-sa\/wp-json\/wp\/v2\/posts\/13914\/revisions\/13933"}],"wp:featuredmedia":[{"embeddable":true,"href":"https:\/\/blogs.correiobraziliense.com.br\/capital-sa\/wp-json\/wp\/v2\/media\/5765"}],"wp:attachment":[{"href":"https:\/\/blogs.correiobraziliense.com.br\/capital-sa\/wp-json\/wp\/v2\/media?parent=13914"}],"wp:term":[{"taxonomy":"category","embeddable":true,"href":"https:\/\/blogs.correiobraziliense.com.br\/capital-sa\/wp-json\/wp\/v2\/categories?post=13914"},{"taxonomy":"post_tag","embeddable":true,"href":"https:\/\/blogs.correiobraziliense.com.br\/capital-sa\/wp-json\/wp\/v2\/tags?post=13914"}],"curies":[{"name":"wp","href":"https:\/\/api.w.org\/{rel}","templated":true}]}}