{"id":13557,"date":"2023-06-30T15:06:35","date_gmt":"2023-06-30T18:06:35","guid":{"rendered":"https:\/\/blogs.correiobraziliense.com.br\/capital-sa\/?p=13557"},"modified":"2023-06-30T15:07:34","modified_gmt":"2023-06-30T18:07:34","slug":"comercio-encerra-o-semestre-com-pior-nivel-de-confianca-em-dois-anos","status":"publish","type":"post","link":"https:\/\/blogs.correiobraziliense.com.br\/capital-sa\/2023\/06\/30\/comercio-encerra-o-semestre-com-pior-nivel-de-confianca-em-dois-anos\/","title":{"rendered":"Com\u00e9rcio encerra o semestre com pior n\u00edvel de confian\u00e7a em dois anos"},"content":{"rendered":"<p class=\"p1\"><b>Por Samanta Sallum\u00a0<\/b><\/p>\n<p class=\"p3\"><span class=\"s3\">Cr\u00e9dito caro, endividamento, inadimpl\u00eancia e juros altos criaram cen\u00e1rio desafiador para o varejo nacional, que se refletiu no baixo \u00cdndice de Confian\u00e7a do Empres\u00e1rio do Com\u00e9rcio (Icec).<span class=\"Apple-converted-space\">\u00a0 <\/span>Apurado pela CNC, o otimismo dos varejistas caiu pela segunda vez consecutiva, levando o Icec ao menor n\u00edvel desde junho de 2021. Assim, o indicador mant\u00e9m a tend\u00eancia de queda registrada nos \u00faltimos dois meses. E, na compara\u00e7\u00e3o anual, a redu\u00e7\u00e3o da confian\u00e7a caiu 13,1% \u2013 a maior retra\u00e7\u00e3o nesse comparativo desde abril de 2021.<\/span><\/p>\n<p class=\"p3\"><b>Cautela<\/b><\/p>\n<p class=\"p3\"><span class=\"s3\">A maioria dos comerciantes, 61,2%, aponta que as vendas no com\u00e9rcio pioraram. Essa propor\u00e7\u00e3o tamb\u00e9m \u00e9 a mais elevada desde junho de 2021.<\/span><\/p>\n<p class=\"p3\"><span class=\"s3\">\u201cO resultado do Icec mostra que os empres\u00e1rios do com\u00e9rcio est\u00e3o cautelosos com a situa\u00e7\u00e3o econ\u00f4mica atual do Pa\u00eds, que afeta diretamente o consumo das fam\u00edlias\u201d, afirma o presidente da CNC, Jos\u00e9 Roberto Tadros.<\/span><\/p>\n","protected":false},"excerpt":{"rendered":"<p>Por Samanta Sallum\u00a0 Cr\u00e9dito caro, endividamento, inadimpl\u00eancia e juros altos criaram cen\u00e1rio desafiador para o varejo nacional, que se refletiu no baixo \u00cdndice de Confian\u00e7a do Empres\u00e1rio do Com\u00e9rcio (Icec).\u00a0 Apurado pela CNC, o otimismo dos varejistas caiu pela segunda vez consecutiva, levando o Icec ao menor n\u00edvel desde junho de 2021. Assim, o indicador mant\u00e9m a tend\u00eancia de queda [&hellip;]<\/p>\n","protected":false},"author":125,"featured_media":0,"comment_status":"open","ping_status":"open","sticky":false,"template":"","format":"standard","meta":{"footnotes":""},"categories":[6],"tags":[],"class_list":["post-13557","post","type-post","status-publish","format-standard","hentry","category-coluna-capital-s-a"],"_links":{"self":[{"href":"https:\/\/blogs.correiobraziliense.com.br\/capital-sa\/wp-json\/wp\/v2\/posts\/13557","targetHints":{"allow":["GET"]}}],"collection":[{"href":"https:\/\/blogs.correiobraziliense.com.br\/capital-sa\/wp-json\/wp\/v2\/posts"}],"about":[{"href":"https:\/\/blogs.correiobraziliense.com.br\/capital-sa\/wp-json\/wp\/v2\/types\/post"}],"author":[{"embeddable":true,"href":"https:\/\/blogs.correiobraziliense.com.br\/capital-sa\/wp-json\/wp\/v2\/users\/125"}],"replies":[{"embeddable":true,"href":"https:\/\/blogs.correiobraziliense.com.br\/capital-sa\/wp-json\/wp\/v2\/comments?post=13557"}],"version-history":[{"count":3,"href":"https:\/\/blogs.correiobraziliense.com.br\/capital-sa\/wp-json\/wp\/v2\/posts\/13557\/revisions"}],"predecessor-version":[{"id":13560,"href":"https:\/\/blogs.correiobraziliense.com.br\/capital-sa\/wp-json\/wp\/v2\/posts\/13557\/revisions\/13560"}],"wp:attachment":[{"href":"https:\/\/blogs.correiobraziliense.com.br\/capital-sa\/wp-json\/wp\/v2\/media?parent=13557"}],"wp:term":[{"taxonomy":"category","embeddable":true,"href":"https:\/\/blogs.correiobraziliense.com.br\/capital-sa\/wp-json\/wp\/v2\/categories?post=13557"},{"taxonomy":"post_tag","embeddable":true,"href":"https:\/\/blogs.correiobraziliense.com.br\/capital-sa\/wp-json\/wp\/v2\/tags?post=13557"}],"curies":[{"name":"wp","href":"https:\/\/api.w.org\/{rel}","templated":true}]}}