{"id":135,"date":"2020-10-09T11:34:23","date_gmt":"2020-10-09T14:34:23","guid":{"rendered":"https:\/\/blogs.correiobraziliense.com.br\/capital-sa\/?p=135"},"modified":"2020-10-09T12:13:50","modified_gmt":"2020-10-09T15:13:50","slug":"natal-vai-abrir-28-mil-vagas-temporarias-no-comercio","status":"publish","type":"post","link":"https:\/\/blogs.correiobraziliense.com.br\/capital-sa\/2020\/10\/09\/natal-vai-abrir-28-mil-vagas-temporarias-no-comercio\/","title":{"rendered":"Natal vai abrir 2,8 mil vagas tempor\u00e1rias, no com\u00e9rcio"},"content":{"rendered":"<p><img loading=\"lazy\" decoding=\"async\" class=\"alignnone size-medium wp-image-141\" src=\"https:\/\/blogs.correiobraziliense.com.br\/capital-sa\/wp-content\/uploads\/sites\/59\/2020\/10\/B9D955DD-606F-4EEE-87B0-7BC8EC8805F6-300x148.jpeg\" alt=\"\" width=\"300\" height=\"148\" srcset=\"https:\/\/blogs.correiobraziliense.com.br\/capital-sa\/wp-content\/uploads\/sites\/59\/2020\/10\/B9D955DD-606F-4EEE-87B0-7BC8EC8805F6-300x148.jpeg 300w, https:\/\/blogs.correiobraziliense.com.br\/capital-sa\/wp-content\/uploads\/sites\/59\/2020\/10\/B9D955DD-606F-4EEE-87B0-7BC8EC8805F6-550x270.jpeg 550w, https:\/\/blogs.correiobraziliense.com.br\/capital-sa\/wp-content\/uploads\/sites\/59\/2020\/10\/B9D955DD-606F-4EEE-87B0-7BC8EC8805F6-230x113.jpeg 230w, https:\/\/blogs.correiobraziliense.com.br\/capital-sa\/wp-content\/uploads\/sites\/59\/2020\/10\/B9D955DD-606F-4EEE-87B0-7BC8EC8805F6.jpeg 610w\" sizes=\"auto, (max-width: 300px) 100vw, 300px\" \/><\/p>\n<p>A contrata\u00e7\u00e3o de trabalhadores tempor\u00e1rios, para atuar no com\u00e9rcio brasiliense durante o Nata, \u00a0ser\u00e1 menor este ano quando comparado a 2019. \u00a0Mesmo assim, \u00e9 expressivo o n\u00famero de vagas a serem abertas, considerando a pandemia.<\/p>\n<p>\u00c9 o que mostra o levantamento realizado pelo Instituto Fecom\u00e9rcio-DF.<\/p>\n<p>Segundo o estudo, 20,90% dos empreendedores far\u00e3o contrata\u00e7\u00f5es. Isso significa que ser\u00e3o abertas aproximadamente 2.860 vagas tempor\u00e1rias em 2020.<\/p>\n<p>No ano passado, na mesma \u00e9poca, 22,6% dos comerciantes manifestaram o desejo de realizar contrata\u00e7\u00f5es tempor\u00e1rias (3.094). O levantamento ouviu 402 lojistas do DF, de diversos segmento, entre os dias 20 e 27 de setembro.<\/p>\n","protected":false},"excerpt":{"rendered":"<p>A contrata\u00e7\u00e3o de trabalhadores tempor\u00e1rios, para atuar no com\u00e9rcio brasiliense durante o Nata, \u00a0ser\u00e1 menor este ano quando comparado a 2019. \u00a0Mesmo assim, \u00e9 expressivo o n\u00famero de vagas a serem abertas, considerando a pandemia. \u00c9 o que mostra o levantamento realizado pelo Instituto Fecom\u00e9rcio-DF. Segundo o estudo, 20,90% dos empreendedores far\u00e3o contrata\u00e7\u00f5es. Isso significa que ser\u00e3o abertas aproximadamente 2.860 [&hellip;]<\/p>\n","protected":false},"author":125,"featured_media":0,"comment_status":"open","ping_status":"open","sticky":false,"template":"","format":"standard","meta":{"footnotes":""},"categories":[1],"tags":[],"class_list":["post-135","post","type-post","status-publish","format-standard","hentry","category-sem-categoria"],"_links":{"self":[{"href":"https:\/\/blogs.correiobraziliense.com.br\/capital-sa\/wp-json\/wp\/v2\/posts\/135","targetHints":{"allow":["GET"]}}],"collection":[{"href":"https:\/\/blogs.correiobraziliense.com.br\/capital-sa\/wp-json\/wp\/v2\/posts"}],"about":[{"href":"https:\/\/blogs.correiobraziliense.com.br\/capital-sa\/wp-json\/wp\/v2\/types\/post"}],"author":[{"embeddable":true,"href":"https:\/\/blogs.correiobraziliense.com.br\/capital-sa\/wp-json\/wp\/v2\/users\/125"}],"replies":[{"embeddable":true,"href":"https:\/\/blogs.correiobraziliense.com.br\/capital-sa\/wp-json\/wp\/v2\/comments?post=135"}],"version-history":[{"count":7,"href":"https:\/\/blogs.correiobraziliense.com.br\/capital-sa\/wp-json\/wp\/v2\/posts\/135\/revisions"}],"predecessor-version":[{"id":148,"href":"https:\/\/blogs.correiobraziliense.com.br\/capital-sa\/wp-json\/wp\/v2\/posts\/135\/revisions\/148"}],"wp:attachment":[{"href":"https:\/\/blogs.correiobraziliense.com.br\/capital-sa\/wp-json\/wp\/v2\/media?parent=135"}],"wp:term":[{"taxonomy":"category","embeddable":true,"href":"https:\/\/blogs.correiobraziliense.com.br\/capital-sa\/wp-json\/wp\/v2\/categories?post=135"},{"taxonomy":"post_tag","embeddable":true,"href":"https:\/\/blogs.correiobraziliense.com.br\/capital-sa\/wp-json\/wp\/v2\/tags?post=135"}],"curies":[{"name":"wp","href":"https:\/\/api.w.org\/{rel}","templated":true}]}}