{"id":1343,"date":"2021-01-16T14:51:26","date_gmt":"2021-01-16T17:51:26","guid":{"rendered":"https:\/\/blogs.correiobraziliense.com.br\/capital-sa\/?p=1343"},"modified":"2021-01-17T01:06:06","modified_gmt":"2021-01-17T04:06:06","slug":"sputinik-v-producao-no-df-e-em-sp-para-america-latina","status":"publish","type":"post","link":"https:\/\/blogs.correiobraziliense.com.br\/capital-sa\/2021\/01\/16\/sputinik-v-producao-no-df-e-em-sp-para-america-latina\/","title":{"rendered":"Sputinik V: produ\u00e7\u00e3o no DF e em SP para Am\u00e9rica Latina"},"content":{"rendered":"<p class=\"p1\"><span class=\"s1\"><img loading=\"lazy\" decoding=\"async\" class=\"aligncenter size-medium wp-image-1347\" src=\"https:\/\/blogs.correiobraziliense.com.br\/capital-sa\/wp-content\/uploads\/sites\/59\/2021\/01\/35D52C97-4FE2-4663-8A2B-BCCB8AE487B9-300x173.jpeg\" alt=\"\" width=\"300\" height=\"173\" srcset=\"https:\/\/blogs.correiobraziliense.com.br\/capital-sa\/wp-content\/uploads\/sites\/59\/2021\/01\/35D52C97-4FE2-4663-8A2B-BCCB8AE487B9-300x173.jpeg 300w, https:\/\/blogs.correiobraziliense.com.br\/capital-sa\/wp-content\/uploads\/sites\/59\/2021\/01\/35D52C97-4FE2-4663-8A2B-BCCB8AE487B9-550x318.jpeg 550w, https:\/\/blogs.correiobraziliense.com.br\/capital-sa\/wp-content\/uploads\/sites\/59\/2021\/01\/35D52C97-4FE2-4663-8A2B-BCCB8AE487B9-230x133.jpeg 230w, https:\/\/blogs.correiobraziliense.com.br\/capital-sa\/wp-content\/uploads\/sites\/59\/2021\/01\/35D52C97-4FE2-4663-8A2B-BCCB8AE487B9.jpeg 706w\" sizes=\"auto, (max-width: 300px) 100vw, 300px\" \/><br \/>\nA vacina russa \u00a0Sputinik V ser\u00e1 fracionada e envasada na f\u00e1brica do grupo Uni\u00e3o Qu\u00edmica em Guarulhos (SP). Mas o IFA (ingrediente farmac\u00eautico ativo) ser\u00e1 produzido na unidade do Distrito Federal, em Santa Maria. E este processo come\u00e7ou na sexta-feira \u00a0(15\/01).<\/span><\/p>\n<p><span class=\"s1\">A\u00a0<\/span>Anvisa, no entanto, negou no s\u00e1bado (16\/01) \u00a0pedido de uso emergencial da vacina Sputinik V, que foi a primeira registrada no mundo contra a COVID-19.<\/p>\n<p class=\"p1\"><span class=\"s1\">A Uni\u00e3o Qu\u00edmica fechou contrato com o Fundo Soberano de Investimento da R\u00fassia (Rdif) para transfer\u00eancia de tecnologia.\u00a0<\/span><\/p>\n<p class=\"p1\"><span class=\"s1\">\u201cGarantimos 10 milh\u00f5es de doses, para este primeiro trimestre, com prioridade ao programa nacional de vacina\u00e7\u00e3o contra a Covid 19 do Governo Federal\u201d, afirmou o diretor de neg\u00f3cios internacionais da Uni\u00e3o Qu\u00edmica, Rog\u00e9rio Rosso. Isso antes de saber que a Anvisa neste s\u00e1bado negou o registro por falta de informa\u00e7\u00f5es suficientes.\u00a0<\/span><\/p>\n<p class=\"p1\"><span class=\"s1\"><b>500 milh\u00f5es de pedidos <\/b><\/span><\/p>\n<p class=\"p1\"><span class=\"s1\">O Rdif, respons\u00e1vel pela produ\u00e7\u00e3o,<span class=\"Apple-converted-space\">\u00a0<\/span>j\u00e1 tem pedidos em carteira de mais de 500 milh\u00f5es de doses para o mundo todo . Por\u00e9m a capacidade ainda \u00e9 limitada.<\/span><\/p>\n<p class=\"p1\"><span class=\"s1\">A Uni\u00e3o Qu\u00edmica assinou contrato com a R\u00fassia para produzir as vacinas e abastecer a Am\u00e9rica Latina. Mas a prioridade \u00e9 atender o Brasil. A empresa tem oito laborat\u00f3rios no pa\u00eds e um nos EUA.<\/span><\/p>\n<p class=\"p1\"><span class=\"s1\"><b>Emo\u00e7\u00e3o no retorno <\/b><\/span><\/p>\n<p class=\"p1\"><span class=\"s1\">A comitiva da Uni\u00e3o Qu\u00edmica, que estava na R\u00fassia h\u00e1 uma semana, j\u00e1 est\u00e1 retornando ao Brasil neste fim de semana.<\/span><\/p>\n<blockquote>\n<p class=\"p1\"><span class=\"s1\">\u201cFoi Emocionante ver as pessoas sendo vacinadas aqui . Acompanhamos os resultados de perto, que est\u00e3o sendo muito bons\u201d, contou Rosso. <\/span><\/p>\n<\/blockquote>\n<p class=\"p1\"><span class=\"s1\">Cerca de 1,5 milh\u00e3o de russos j\u00e1 foram imunizados. Bol\u00edvia , S\u00e9rvia e Bielorussia<span class=\"Apple-converted-space\">\u00a0 <\/span>est\u00e3o usando a Sputinik. E o\u00a0<\/span><b>Paraguai autorizou na sexta feira.<\/b><\/p>\n<p class=\"p1\"><span class=\"s1\">\u201cO mais importante \u00e9 que j\u00e1 come\u00e7ou a produ\u00e7\u00e3o da vacina , do IFA( ingrediente ativo farmac\u00eautico ) no Brasil. Somente a Uni\u00e3o Quimica no Brasil est\u00e1 iniciando a produ\u00e7\u00e3o no pa\u00eds e em Bras\u00edllia\u201d, refor\u00e7ou Rosso, que \u00e9 ex-governador do DF. <\/span><\/p>\n<p class=\"p1\"><span class=\"s1\">Ele afirmou<span class=\"Apple-converted-space\">\u00a0 <\/span>que espera poder se vacinar logo com a Sputinik.<\/span><\/p>\n<blockquote>\n<p class=\"p1\"><span class=\"s1\">\u201cExiste aqui em Moscou uma lista de prioridades para o povo Russo. Quero me vacinar no Brasil, com a\u00a0<\/span>Vacina Sputinik V brasileira da Uni\u00e3o Qu\u00edmica, quando for a minha hora na fila de espera pelos crit\u00e9rios do governo federal\u201d, disse ai Correio antes do embarque de volta ao Brasil.<\/p>\n<\/blockquote>\n","protected":false},"excerpt":{"rendered":"<p>A vacina russa \u00a0Sputinik V ser\u00e1 fracionada e envasada na f\u00e1brica do grupo Uni\u00e3o Qu\u00edmica em Guarulhos (SP). Mas o IFA (ingrediente farmac\u00eautico ativo) ser\u00e1 produzido na unidade do Distrito Federal, em Santa Maria. E este processo come\u00e7ou na sexta-feira \u00a0(15\/01). A\u00a0Anvisa, no entanto, negou no s\u00e1bado (16\/01) \u00a0pedido de uso emergencial da vacina Sputinik V, que foi a primeira [&hellip;]<\/p>\n","protected":false},"author":125,"featured_media":0,"comment_status":"open","ping_status":"open","sticky":false,"template":"","format":"standard","meta":{"footnotes":""},"categories":[1],"tags":[],"class_list":["post-1343","post","type-post","status-publish","format-standard","hentry","category-sem-categoria"],"_links":{"self":[{"href":"https:\/\/blogs.correiobraziliense.com.br\/capital-sa\/wp-json\/wp\/v2\/posts\/1343","targetHints":{"allow":["GET"]}}],"collection":[{"href":"https:\/\/blogs.correiobraziliense.com.br\/capital-sa\/wp-json\/wp\/v2\/posts"}],"about":[{"href":"https:\/\/blogs.correiobraziliense.com.br\/capital-sa\/wp-json\/wp\/v2\/types\/post"}],"author":[{"embeddable":true,"href":"https:\/\/blogs.correiobraziliense.com.br\/capital-sa\/wp-json\/wp\/v2\/users\/125"}],"replies":[{"embeddable":true,"href":"https:\/\/blogs.correiobraziliense.com.br\/capital-sa\/wp-json\/wp\/v2\/comments?post=1343"}],"version-history":[{"count":13,"href":"https:\/\/blogs.correiobraziliense.com.br\/capital-sa\/wp-json\/wp\/v2\/posts\/1343\/revisions"}],"predecessor-version":[{"id":1384,"href":"https:\/\/blogs.correiobraziliense.com.br\/capital-sa\/wp-json\/wp\/v2\/posts\/1343\/revisions\/1384"}],"wp:attachment":[{"href":"https:\/\/blogs.correiobraziliense.com.br\/capital-sa\/wp-json\/wp\/v2\/media?parent=1343"}],"wp:term":[{"taxonomy":"category","embeddable":true,"href":"https:\/\/blogs.correiobraziliense.com.br\/capital-sa\/wp-json\/wp\/v2\/categories?post=1343"},{"taxonomy":"post_tag","embeddable":true,"href":"https:\/\/blogs.correiobraziliense.com.br\/capital-sa\/wp-json\/wp\/v2\/tags?post=1343"}],"curies":[{"name":"wp","href":"https:\/\/api.w.org\/{rel}","templated":true}]}}