{"id":13412,"date":"2023-06-22T09:59:40","date_gmt":"2023-06-22T12:59:40","guid":{"rendered":"https:\/\/blogs.correiobraziliense.com.br\/capital-sa\/?p=13412"},"modified":"2023-06-22T10:03:54","modified_gmt":"2023-06-22T13:03:54","slug":"ceb-comunica-ao-mercado-mudanca-do-perfil-de-atuacao-da-empresa","status":"publish","type":"post","link":"https:\/\/blogs.correiobraziliense.com.br\/capital-sa\/2023\/06\/22\/ceb-comunica-ao-mercado-mudanca-do-perfil-de-atuacao-da-empresa\/","title":{"rendered":"CEB comunica ao mercado mudan\u00e7a do perfil de atua\u00e7\u00e3o da empresa"},"content":{"rendered":"<p><em>Companhia Energ\u00e9tica de Bras\u00edlia passar\u00e1 de prestadora \u00e0 concession\u00e1ria de servi\u00e7o de ilumina\u00e7\u00e3o p\u00fablica no DF<\/em><\/p>\n<p><b>Por Samanta Sallum\u00a0<\/b><\/p>\n<p>A Comiss\u00e3o de Valores Mobili\u00e1rios (CVM) recebeu ontem comunicado oficial sobre o novo perfil de atua\u00e7\u00e3o da CEB, que passar\u00e1 de prestadora a concession\u00e1ria de servi\u00e7os. Na pr\u00e1tica, isso permitir\u00e1 a empresa investir recursos pr\u00f3prios diretamente na expans\u00e3o e na renova\u00e7\u00e3o da rede de ilumina\u00e7\u00e3o p\u00fablica do DF. A CEB holding fechou o exerc\u00edcio de 2022 com lucro l\u00edquido de R$ 196 milh\u00f5es.\u00a0 A empresa tamb\u00e9m pretende captar recursos do mercado.<\/p>\n<p class=\"p1\"><span class=\"s1\">Um dos maiores prop\u00f3sitos da CVM<span class=\"Apple-converted-space\">\u00a0 <\/span>\u00e9 cuidar da integridade do mercado de capitais. Portanto, ela garante que seja poss\u00edvel investir em lugares seguros e transparentes. <\/span><\/p>\n<p class=\"p1\"><span class=\"s1\"><b>Regulamenta\u00e7\u00e3o <\/b><\/span><\/p>\n<p class=\"p1\"><span class=\"s1\">O GDF e a CEB v\u00e3o agora tratar da regulamenta\u00e7\u00e3o da lei e da celebra\u00e7\u00e3o do contrato de concess\u00e3o. A C\u00e2mara Legislativa aprovou, na ter\u00e7a-feira, o projeto de lei que outorga \u00e0 Companhia a presta\u00e7\u00e3o dos servi\u00e7os de ilumina\u00e7\u00e3o p\u00fablica, diretamente ou por meio de suas subsidi\u00e1rias, mediante concess\u00e3o.<\/span><\/p>\n<p class=\"p1\"><span class=\"s1\">O GDF tem 80% do capital da CEB e acionistas na BV, 20%. \u201cOs acionistas e o mercado em geral ser\u00e3o devidamente informados sobre os desdobramentos desta aprova\u00e7\u00e3o, tais como a san\u00e7\u00e3o da lei pelo governador do Distrito Federal e o decreto regulamentar\u201d,<span class=\"Apple-converted-space\">\u00a0 <\/span>diz o comunicado \u00e0 CVM.<\/span><\/p>\n<blockquote>\n<p class=\"p1\"><span class=\"s1\">\u201cInauguramos, a partir de agora, uma nova fase na empresa, com mais efici\u00eancia de gest\u00e3o. E vamos captar recursos no mercado para modernizar toda a ilumina\u00e7\u00e3o p\u00fablica do DF em 3 anos\u201d, afirmou o presidente da CEB, Edison Garcia.<\/span><\/p>\n<\/blockquote>\n<p class=\"p1\"><span class=\"s1\"><b>Mais aporte financeiro <\/b><\/span><\/p>\n<p class=\"p1\"><span class=\"s1\">No modelo atual, a CEB presta servi\u00e7os \u00e0 Secretaria de Obras, que a paga por projeto. No entanto, n\u00e3o h\u00e1 capacidade financeira do GDF de aportar, com a rapidez necess\u00e1ria, os R$ 350 milh\u00f5es para modernizar os pontos de ilumina\u00e7\u00e3o j\u00e1 existentes, passando para led, e instalar mais 70 mil postes de luz que o DF demanda. Agora, com a nova CEB, ser\u00e1 poss\u00edvel.<\/span><\/p>\n","protected":false},"excerpt":{"rendered":"<p>Companhia Energ\u00e9tica de Bras\u00edlia passar\u00e1 de prestadora \u00e0 concession\u00e1ria de servi\u00e7o de ilumina\u00e7\u00e3o p\u00fablica no DF Por Samanta Sallum\u00a0 A Comiss\u00e3o de Valores Mobili\u00e1rios (CVM) recebeu ontem comunicado oficial sobre o novo perfil de atua\u00e7\u00e3o da CEB, que passar\u00e1 de prestadora a concession\u00e1ria de servi\u00e7os. Na pr\u00e1tica, isso permitir\u00e1 a empresa investir recursos pr\u00f3prios diretamente na expans\u00e3o e na renova\u00e7\u00e3o [&hellip;]<\/p>\n","protected":false},"author":125,"featured_media":13416,"comment_status":"open","ping_status":"open","sticky":false,"template":"","format":"standard","meta":{"footnotes":""},"categories":[6],"tags":[],"class_list":["post-13412","post","type-post","status-publish","format-standard","has-post-thumbnail","hentry","category-coluna-capital-s-a"],"_links":{"self":[{"href":"https:\/\/blogs.correiobraziliense.com.br\/capital-sa\/wp-json\/wp\/v2\/posts\/13412","targetHints":{"allow":["GET"]}}],"collection":[{"href":"https:\/\/blogs.correiobraziliense.com.br\/capital-sa\/wp-json\/wp\/v2\/posts"}],"about":[{"href":"https:\/\/blogs.correiobraziliense.com.br\/capital-sa\/wp-json\/wp\/v2\/types\/post"}],"author":[{"embeddable":true,"href":"https:\/\/blogs.correiobraziliense.com.br\/capital-sa\/wp-json\/wp\/v2\/users\/125"}],"replies":[{"embeddable":true,"href":"https:\/\/blogs.correiobraziliense.com.br\/capital-sa\/wp-json\/wp\/v2\/comments?post=13412"}],"version-history":[{"count":5,"href":"https:\/\/blogs.correiobraziliense.com.br\/capital-sa\/wp-json\/wp\/v2\/posts\/13412\/revisions"}],"predecessor-version":[{"id":13418,"href":"https:\/\/blogs.correiobraziliense.com.br\/capital-sa\/wp-json\/wp\/v2\/posts\/13412\/revisions\/13418"}],"wp:featuredmedia":[{"embeddable":true,"href":"https:\/\/blogs.correiobraziliense.com.br\/capital-sa\/wp-json\/wp\/v2\/media\/13416"}],"wp:attachment":[{"href":"https:\/\/blogs.correiobraziliense.com.br\/capital-sa\/wp-json\/wp\/v2\/media?parent=13412"}],"wp:term":[{"taxonomy":"category","embeddable":true,"href":"https:\/\/blogs.correiobraziliense.com.br\/capital-sa\/wp-json\/wp\/v2\/categories?post=13412"},{"taxonomy":"post_tag","embeddable":true,"href":"https:\/\/blogs.correiobraziliense.com.br\/capital-sa\/wp-json\/wp\/v2\/tags?post=13412"}],"curies":[{"name":"wp","href":"https:\/\/api.w.org\/{rel}","templated":true}]}}