{"id":13285,"date":"2023-06-13T13:57:42","date_gmt":"2023-06-13T16:57:42","guid":{"rendered":"https:\/\/blogs.correiobraziliense.com.br\/capital-sa\/?p=13285"},"modified":"2023-06-13T13:57:42","modified_gmt":"2023-06-13T16:57:42","slug":"ademi-df-elege-nova-diretoria","status":"publish","type":"post","link":"https:\/\/blogs.correiobraziliense.com.br\/capital-sa\/2023\/06\/13\/ademi-df-elege-nova-diretoria\/","title":{"rendered":"Ademi\/DF elege nova diretoria"},"content":{"rendered":"<p class=\"p1\"><b>Por Samanta Sallum\u00a0<\/b><\/p>\n<p class=\"p1\"><span class=\"s1\">A Associa\u00e7\u00e3o de Empresas do Mercado Imobili\u00e1rio do Distrito Federal (ADEMI DF) escolhe sua nova Diretoria Plena e Conselho Fiscal para o bi\u00eanio 2023-2025 na quarta-feira (14). Gra\u00e7as a um consenso, foi apresentada chapa \u00fanica encabe\u00e7ada pelo empres\u00e1rio, economista e ex-vice-presidente do Sinduscon, Roberto Rubinger Botelh. O empres\u00e1rio e engenheiro civil Celestino Fracon Junior ser\u00e1 o vice-presidente. <\/span><\/p>\n<p class=\"p1\"><span class=\"s1\"><b>Balan\u00e7o<\/b><\/span><\/p>\n<p><img loading=\"lazy\" decoding=\"async\" class=\"aligncenter size-medium wp-image-13290\" src=\"https:\/\/blogs.correiobraziliense.com.br\/capital-sa\/wp-content\/uploads\/sites\/59\/2023\/06\/7749DBF0-B229-4222-B4B3-217FBEC444DA-300x226.jpeg\" alt=\"\" width=\"300\" height=\"226\" srcset=\"https:\/\/blogs.correiobraziliense.com.br\/capital-sa\/wp-content\/uploads\/sites\/59\/2023\/06\/7749DBF0-B229-4222-B4B3-217FBEC444DA-300x226.jpeg 300w, https:\/\/blogs.correiobraziliense.com.br\/capital-sa\/wp-content\/uploads\/sites\/59\/2023\/06\/7749DBF0-B229-4222-B4B3-217FBEC444DA-550x414.jpeg 550w, https:\/\/blogs.correiobraziliense.com.br\/capital-sa\/wp-content\/uploads\/sites\/59\/2023\/06\/7749DBF0-B229-4222-B4B3-217FBEC444DA-230x173.jpeg 230w, https:\/\/blogs.correiobraziliense.com.br\/capital-sa\/wp-content\/uploads\/sites\/59\/2023\/06\/7749DBF0-B229-4222-B4B3-217FBEC444DA.jpeg 568w\" sizes=\"auto, (max-width: 300px) 100vw, 300px\" \/><\/p>\n<p class=\"p1\"><span class=\"s1\">Eduardo Aroeira Almeida deixa o cargo ap\u00f3s dois mandatos consecutivos (2019 a 2023). O per\u00edodo foi marcado pelo enfrentamento da pandemia da covid-19.<br \/>\n<\/span><\/p>\n<p class=\"p1\"><span class=\"s1\">\u201cA crise sanit\u00e1ria foi um desafio decisivo para o setor, que foi declarado atividade essencial e manteve seus trabalhadores nos canteiros de obra\u201d, lembra. A entidade tamb\u00e9m ajudou a angariar recursos para a expans\u00e3o do Hospital Regional de Samambaia. <\/span><\/p>\n<p class=\"p1\"><span class=\"s1\"><b>Defesa do Fundo <\/b><\/span><\/p>\n<p class=\"p1\"><span class=\"s1\">A Ademi foi uma das primeiras entidades a se posicionar em repudio a fala do ministro Rui Costa contra Bras\u00edlia e em defesa do Fundo Constitucional do DF.<\/span><\/p>\n","protected":false},"excerpt":{"rendered":"<p>Por Samanta Sallum\u00a0 A Associa\u00e7\u00e3o de Empresas do Mercado Imobili\u00e1rio do Distrito Federal (ADEMI DF) escolhe sua nova Diretoria Plena e Conselho Fiscal para o bi\u00eanio 2023-2025 na quarta-feira (14). Gra\u00e7as a um consenso, foi apresentada chapa \u00fanica encabe\u00e7ada pelo empres\u00e1rio, economista e ex-vice-presidente do Sinduscon, Roberto Rubinger Botelh. O empres\u00e1rio e engenheiro civil Celestino Fracon Junior ser\u00e1 o vice-presidente. [&hellip;]<\/p>\n","protected":false},"author":125,"featured_media":0,"comment_status":"open","ping_status":"open","sticky":false,"template":"","format":"standard","meta":{"footnotes":""},"categories":[6],"tags":[],"class_list":["post-13285","post","type-post","status-publish","format-standard","hentry","category-coluna-capital-s-a"],"_links":{"self":[{"href":"https:\/\/blogs.correiobraziliense.com.br\/capital-sa\/wp-json\/wp\/v2\/posts\/13285","targetHints":{"allow":["GET"]}}],"collection":[{"href":"https:\/\/blogs.correiobraziliense.com.br\/capital-sa\/wp-json\/wp\/v2\/posts"}],"about":[{"href":"https:\/\/blogs.correiobraziliense.com.br\/capital-sa\/wp-json\/wp\/v2\/types\/post"}],"author":[{"embeddable":true,"href":"https:\/\/blogs.correiobraziliense.com.br\/capital-sa\/wp-json\/wp\/v2\/users\/125"}],"replies":[{"embeddable":true,"href":"https:\/\/blogs.correiobraziliense.com.br\/capital-sa\/wp-json\/wp\/v2\/comments?post=13285"}],"version-history":[{"count":4,"href":"https:\/\/blogs.correiobraziliense.com.br\/capital-sa\/wp-json\/wp\/v2\/posts\/13285\/revisions"}],"predecessor-version":[{"id":13291,"href":"https:\/\/blogs.correiobraziliense.com.br\/capital-sa\/wp-json\/wp\/v2\/posts\/13285\/revisions\/13291"}],"wp:attachment":[{"href":"https:\/\/blogs.correiobraziliense.com.br\/capital-sa\/wp-json\/wp\/v2\/media?parent=13285"}],"wp:term":[{"taxonomy":"category","embeddable":true,"href":"https:\/\/blogs.correiobraziliense.com.br\/capital-sa\/wp-json\/wp\/v2\/categories?post=13285"},{"taxonomy":"post_tag","embeddable":true,"href":"https:\/\/blogs.correiobraziliense.com.br\/capital-sa\/wp-json\/wp\/v2\/tags?post=13285"}],"curies":[{"name":"wp","href":"https:\/\/api.w.org\/{rel}","templated":true}]}}