{"id":13261,"date":"2023-06-12T17:08:28","date_gmt":"2023-06-12T20:08:28","guid":{"rendered":"https:\/\/blogs.correiobraziliense.com.br\/capital-sa\/?p=13261"},"modified":"2023-06-12T22:19:55","modified_gmt":"2023-06-13T01:19:55","slug":"dia-de-santo-antonio-e-de-portugal","status":"publish","type":"post","link":"https:\/\/blogs.correiobraziliense.com.br\/capital-sa\/2023\/06\/12\/dia-de-santo-antonio-e-de-portugal\/","title":{"rendered":"Dia de Santo Ant\u00f4nio e de Portugal"},"content":{"rendered":"<p class=\"p1\"><i>O santo casamenteiro \u00e9 padroeiro de Lisboa. Hoje \u00e0 noite, a Embaixada de Portugal em Bras\u00edlia celebra tamb\u00e9m a sua data nacional\u00a0<\/i><\/p>\n<p><b>Por Samanta Sallum\u00a0<\/b><\/p>\n<p class=\"p1\"><span class=\"s1\">Hoje \u00e9 comemorado o Dia de Portugal, de Cam\u00f5es e de Santo Ant\u00f4nio. Um evento na embaixada reunir\u00e1 autoridades, comunidade diplom\u00e1tica estrangeira e tamb\u00e9m empres\u00e1rios portugueses e brasileiros. O Secret\u00e1rio de Estado Adjunto do Primeiro-Ministro, Ant\u00f3nio Mendon\u00e7a Mendes, estar\u00e1 presente.<br \/>\n<\/span><\/p>\n<p><img loading=\"lazy\" decoding=\"async\" class=\"aligncenter size-medium wp-image-13265\" src=\"https:\/\/blogs.correiobraziliense.com.br\/capital-sa\/wp-content\/uploads\/sites\/59\/2023\/06\/03D953F8-ED4E-42F6-B641-5C28375B6F1C-225x300.jpeg\" alt=\"\" width=\"225\" height=\"300\" srcset=\"https:\/\/blogs.correiobraziliense.com.br\/capital-sa\/wp-content\/uploads\/sites\/59\/2023\/06\/03D953F8-ED4E-42F6-B641-5C28375B6F1C-225x300.jpeg 225w, https:\/\/blogs.correiobraziliense.com.br\/capital-sa\/wp-content\/uploads\/sites\/59\/2023\/06\/03D953F8-ED4E-42F6-B641-5C28375B6F1C-230x307.jpeg 230w, https:\/\/blogs.correiobraziliense.com.br\/capital-sa\/wp-content\/uploads\/sites\/59\/2023\/06\/03D953F8-ED4E-42F6-B641-5C28375B6F1C.jpeg 500w\" sizes=\"auto, (max-width: 225px) 100vw, 225px\" \/><\/p>\n<p class=\"p1\"><span class=\"s1\">Ser\u00e1 celebrado tamb\u00e9m o forte relacionamento empresarial entre os dois pa\u00edses.<span class=\"Apple-converted-space\">\u00a0 <\/span>As portuguesas Galp, EDP, TAP-Air Portugal, Ferneto, Gallo, entre outras, t\u00eam atua\u00e7\u00e3o marcante em nosso pa\u00eds.<\/span><\/p>\n<p class=\"p1\"><span class=\"s1\"><b>Apex<\/b><\/span><\/p>\n<p class=\"p1\"><span class=\"s1\">Amanh\u00e3, haver\u00e1 um semin\u00e1rio sobre as rela\u00e7\u00f5es econ\u00f4micas entre Portugal e o Brasil, na APEX, em Bras\u00edlia. Uma iniciativa conjunta da ag\u00eancia brasileira e da portuguesa, a AICE.<\/span><\/p>\n<p class=\"p1\"><span class=\"s1\">Santo Ant\u00f4nio \u00e9 padroeiro de Lisboa e o santo dos casamentos. Na festa da embaixada, em homenagem a ele, ter\u00e1 como ornamento especial: um arco de Santo Ant\u00f4nio para registros fotogr\u00e1ficos dos convidados. <\/span><\/p>\n","protected":false},"excerpt":{"rendered":"<p>O santo casamenteiro \u00e9 padroeiro de Lisboa. Hoje \u00e0 noite, a Embaixada de Portugal em Bras\u00edlia celebra tamb\u00e9m a sua data nacional\u00a0 Por Samanta Sallum\u00a0 Hoje \u00e9 comemorado o Dia de Portugal, de Cam\u00f5es e de Santo Ant\u00f4nio. Um evento na embaixada reunir\u00e1 autoridades, comunidade diplom\u00e1tica estrangeira e tamb\u00e9m empres\u00e1rios portugueses e brasileiros. O Secret\u00e1rio de Estado Adjunto do Primeiro-Ministro, [&hellip;]<\/p>\n","protected":false},"author":125,"featured_media":13264,"comment_status":"open","ping_status":"open","sticky":false,"template":"","format":"standard","meta":{"footnotes":""},"categories":[6],"tags":[2067,141,923,2069,2068,1809],"class_list":["post-13261","post","type-post","status-publish","format-standard","has-post-thumbnail","hentry","category-coluna-capital-s-a","tag-embaixadadeportugal","tag-evento","tag-lisboa","tag-padroeiro","tag-santoantonio","tag-apex"],"_links":{"self":[{"href":"https:\/\/blogs.correiobraziliense.com.br\/capital-sa\/wp-json\/wp\/v2\/posts\/13261","targetHints":{"allow":["GET"]}}],"collection":[{"href":"https:\/\/blogs.correiobraziliense.com.br\/capital-sa\/wp-json\/wp\/v2\/posts"}],"about":[{"href":"https:\/\/blogs.correiobraziliense.com.br\/capital-sa\/wp-json\/wp\/v2\/types\/post"}],"author":[{"embeddable":true,"href":"https:\/\/blogs.correiobraziliense.com.br\/capital-sa\/wp-json\/wp\/v2\/users\/125"}],"replies":[{"embeddable":true,"href":"https:\/\/blogs.correiobraziliense.com.br\/capital-sa\/wp-json\/wp\/v2\/comments?post=13261"}],"version-history":[{"count":5,"href":"https:\/\/blogs.correiobraziliense.com.br\/capital-sa\/wp-json\/wp\/v2\/posts\/13261\/revisions"}],"predecessor-version":[{"id":13269,"href":"https:\/\/blogs.correiobraziliense.com.br\/capital-sa\/wp-json\/wp\/v2\/posts\/13261\/revisions\/13269"}],"wp:featuredmedia":[{"embeddable":true,"href":"https:\/\/blogs.correiobraziliense.com.br\/capital-sa\/wp-json\/wp\/v2\/media\/13264"}],"wp:attachment":[{"href":"https:\/\/blogs.correiobraziliense.com.br\/capital-sa\/wp-json\/wp\/v2\/media?parent=13261"}],"wp:term":[{"taxonomy":"category","embeddable":true,"href":"https:\/\/blogs.correiobraziliense.com.br\/capital-sa\/wp-json\/wp\/v2\/categories?post=13261"},{"taxonomy":"post_tag","embeddable":true,"href":"https:\/\/blogs.correiobraziliense.com.br\/capital-sa\/wp-json\/wp\/v2\/tags?post=13261"}],"curies":[{"name":"wp","href":"https:\/\/api.w.org\/{rel}","templated":true}]}}