{"id":1326,"date":"2021-01-15T08:10:59","date_gmt":"2021-01-15T11:10:59","guid":{"rendered":"https:\/\/blogs.correiobraziliense.com.br\/capital-sa\/?p=1326"},"modified":"2021-01-14T21:44:51","modified_gmt":"2021-01-15T00:44:51","slug":"empresarios-do-comercio-querem-gerar-mais-empregos","status":"publish","type":"post","link":"https:\/\/blogs.correiobraziliense.com.br\/capital-sa\/2021\/01\/15\/empresarios-do-comercio-querem-gerar-mais-empregos\/","title":{"rendered":"Empres\u00e1rios do com\u00e9rcio querem gerar mais empregos"},"content":{"rendered":"<p>A Fecom\u00e9rcio-DF concluiu um levantamento sobre a popula\u00e7\u00e3o em situa\u00e7\u00e3o de vulnerabilidade social por regi\u00f5es administrativas. A pesquisa vai nortear uma das principais a\u00e7\u00f5es da entidade para 2021: a inser\u00e7\u00e3o dessas pessoas no mercado de trabalho para que tenham renda ou consigam aument\u00e1-la e, assim, possam sair do estado de pobreza. Para isso, s\u00e3o necess\u00e1rios capacita\u00e7\u00e3o e encaminhamento \u00e0s vagas nas \u00e1reas que precisam de m\u00e3o de obra atualmente.<\/p>\n<p>&nbsp;<\/p>\n<p><img loading=\"lazy\" decoding=\"async\" class=\"aligncenter size-medium wp-image-1340\" src=\"https:\/\/blogs.correiobraziliense.com.br\/capital-sa\/wp-content\/uploads\/sites\/59\/2021\/01\/s-1-300x200.jpg\" alt=\"\" width=\"300\" height=\"200\" srcset=\"https:\/\/blogs.correiobraziliense.com.br\/capital-sa\/wp-content\/uploads\/sites\/59\/2021\/01\/s-1-300x200.jpg 300w, https:\/\/blogs.correiobraziliense.com.br\/capital-sa\/wp-content\/uploads\/sites\/59\/2021\/01\/s-1-550x367.jpg 550w, https:\/\/blogs.correiobraziliense.com.br\/capital-sa\/wp-content\/uploads\/sites\/59\/2021\/01\/s-1-230x153.jpg 230w, https:\/\/blogs.correiobraziliense.com.br\/capital-sa\/wp-content\/uploads\/sites\/59\/2021\/01\/s-1.jpg 600w\" sizes=\"auto, (max-width: 300px) 100vw, 300px\" \/><\/p>\n<blockquote><p>\u201cDar a cesta b\u00e1sica \u00e9 importante, garantir o alimento, como fizemos no projeto Mesa Brasil, do Sesc. Realizamos uma grande distribui\u00e7\u00e3o. Mas isso n\u00e3o \u00e9 o suficiente para resolver o problema das milhares de pessoas em situa\u00e7\u00e3o de vulnerabilidade no DF que precisam receber assist\u00eancia\u201d, afirma o presidente da Fecom\u00e9rcio, <strong>Francisco Maia<\/strong>. Segundo ele, a entidade vai concentrar esfor\u00e7os com os sindicatos empresariais filiados para empregar essas pessoas.<\/p><\/blockquote>\n<h3><\/h3>\n<h3>Resultados<\/h3>\n<p>A pesquisa aponta que no DF vivem 336 mil pessoas em condi\u00e7\u00f5es de pobreza e 51 mil de extrema pobreza.\u00a0Varj\u00e3o, Samambaia e Itap\u00f5a s\u00e3o as regi\u00f5es com maior \u00edndice de popula\u00e7\u00e3o desocupada, cerca de 12%. E o Parano\u00e1 \u00e9 a regi\u00e3o em que mais mulheres s\u00e3o chefe de fam\u00edlia.<\/p>\n","protected":false},"excerpt":{"rendered":"<p>A Fecom\u00e9rcio-DF concluiu um levantamento sobre a popula\u00e7\u00e3o em situa\u00e7\u00e3o de vulnerabilidade social por regi\u00f5es administrativas. A pesquisa vai nortear uma das principais a\u00e7\u00f5es da entidade para 2021: a inser\u00e7\u00e3o dessas pessoas no mercado de trabalho para que tenham renda ou consigam aument\u00e1-la e, assim, possam sair do estado de pobreza. Para isso, s\u00e3o necess\u00e1rios capacita\u00e7\u00e3o e encaminhamento \u00e0s vagas [&hellip;]<\/p>\n","protected":false},"author":125,"featured_media":1339,"comment_status":"open","ping_status":"open","sticky":false,"template":"","format":"standard","meta":{"footnotes":""},"categories":[6],"tags":[158,159,143,458],"class_list":["post-1326","post","type-post","status-publish","format-standard","has-post-thumbnail","hentry","category-coluna-capital-s-a","tag-empregos","tag-fecomerciodf","tag-pesquisa","tag-vulnerabilidade"],"_links":{"self":[{"href":"https:\/\/blogs.correiobraziliense.com.br\/capital-sa\/wp-json\/wp\/v2\/posts\/1326","targetHints":{"allow":["GET"]}}],"collection":[{"href":"https:\/\/blogs.correiobraziliense.com.br\/capital-sa\/wp-json\/wp\/v2\/posts"}],"about":[{"href":"https:\/\/blogs.correiobraziliense.com.br\/capital-sa\/wp-json\/wp\/v2\/types\/post"}],"author":[{"embeddable":true,"href":"https:\/\/blogs.correiobraziliense.com.br\/capital-sa\/wp-json\/wp\/v2\/users\/125"}],"replies":[{"embeddable":true,"href":"https:\/\/blogs.correiobraziliense.com.br\/capital-sa\/wp-json\/wp\/v2\/comments?post=1326"}],"version-history":[{"count":4,"href":"https:\/\/blogs.correiobraziliense.com.br\/capital-sa\/wp-json\/wp\/v2\/posts\/1326\/revisions"}],"predecessor-version":[{"id":1342,"href":"https:\/\/blogs.correiobraziliense.com.br\/capital-sa\/wp-json\/wp\/v2\/posts\/1326\/revisions\/1342"}],"wp:featuredmedia":[{"embeddable":true,"href":"https:\/\/blogs.correiobraziliense.com.br\/capital-sa\/wp-json\/wp\/v2\/media\/1339"}],"wp:attachment":[{"href":"https:\/\/blogs.correiobraziliense.com.br\/capital-sa\/wp-json\/wp\/v2\/media?parent=1326"}],"wp:term":[{"taxonomy":"category","embeddable":true,"href":"https:\/\/blogs.correiobraziliense.com.br\/capital-sa\/wp-json\/wp\/v2\/categories?post=1326"},{"taxonomy":"post_tag","embeddable":true,"href":"https:\/\/blogs.correiobraziliense.com.br\/capital-sa\/wp-json\/wp\/v2\/tags?post=1326"}],"curies":[{"name":"wp","href":"https:\/\/api.w.org\/{rel}","templated":true}]}}