{"id":13197,"date":"2023-06-05T21:42:52","date_gmt":"2023-06-06T00:42:52","guid":{"rendered":"https:\/\/blogs.correiobraziliense.com.br\/capital-sa\/?p=13197"},"modified":"2023-06-12T22:36:28","modified_gmt":"2023-06-13T01:36:28","slug":"lula-trata-de-reajuste-da-seguranca-e-fundo-constitucional-do-df-em-reuniao-no-planalto","status":"publish","type":"post","link":"https:\/\/blogs.correiobraziliense.com.br\/capital-sa\/2023\/06\/05\/lula-trata-de-reajuste-da-seguranca-e-fundo-constitucional-do-df-em-reuniao-no-planalto\/","title":{"rendered":"Lula trata de reajuste da Seguran\u00e7a e Fundo Constitucional do DF em reuni\u00e3o no Planalto"},"content":{"rendered":"<p class=\"p1\"><em>Em encontro com os l\u00edderes do Senado, o presidente da Rep\u00fablica foi questionado sobre impasses que prejudicam a capital federal. E teria autorizado envio do PLN das for\u00e7as policiais do DF ao Congresso<\/em><\/p>\n<p class=\"p1\"><span class=\"s1\"><b>Por Samanta Sallum<\/b><\/span><\/p>\n<p>Em reuni\u00e3o no Pal\u00e1cio do Planalto, que terminou h\u00e1 pouco, o presidente Lula tentou estreitar o di\u00e1logo com os l\u00edderes do Senado para dar mais aten\u00e7\u00e3o \u00e0 articula\u00e7\u00e3o pol\u00edtica no Congresso. O senador Izalci Lucas (PSDB)\u00a0exp\u00f4s pautas importantes para a capital federal. E questionou o presidente sobre os impasses que amea\u00e7am o Fundo Constitucional do DF e a autoriza\u00e7\u00e3o de reajuste prometido aos servidores da Seguran\u00e7a P\u00fablica. O senador tucano afirmou que Lula orientou o senador Randolfe Rodrigues, l\u00edder do governo no Congresso, a abrir caminho para o envio do PLN, que garante a recomposi\u00e7\u00e3o salarial de 18% aos servidores da \u00e1rea no DF.<\/p>\n<p><img loading=\"lazy\" decoding=\"async\" class=\"aligncenter size-medium wp-image-13203\" src=\"https:\/\/blogs.correiobraziliense.com.br\/capital-sa\/wp-content\/uploads\/sites\/59\/2023\/06\/6B948016-718C-42EA-942F-BA4A66D2CF0D-300x200.jpeg\" alt=\"\" width=\"300\" height=\"200\" srcset=\"https:\/\/blogs.correiobraziliense.com.br\/capital-sa\/wp-content\/uploads\/sites\/59\/2023\/06\/6B948016-718C-42EA-942F-BA4A66D2CF0D-300x200.jpeg 300w, https:\/\/blogs.correiobraziliense.com.br\/capital-sa\/wp-content\/uploads\/sites\/59\/2023\/06\/6B948016-718C-42EA-942F-BA4A66D2CF0D-768x512.jpeg 768w, https:\/\/blogs.correiobraziliense.com.br\/capital-sa\/wp-content\/uploads\/sites\/59\/2023\/06\/6B948016-718C-42EA-942F-BA4A66D2CF0D.jpeg 1024w, https:\/\/blogs.correiobraziliense.com.br\/capital-sa\/wp-content\/uploads\/sites\/59\/2023\/06\/6B948016-718C-42EA-942F-BA4A66D2CF0D-800x533.jpeg 800w, https:\/\/blogs.correiobraziliense.com.br\/capital-sa\/wp-content\/uploads\/sites\/59\/2023\/06\/6B948016-718C-42EA-942F-BA4A66D2CF0D-550x366.jpeg 550w, https:\/\/blogs.correiobraziliense.com.br\/capital-sa\/wp-content\/uploads\/sites\/59\/2023\/06\/6B948016-718C-42EA-942F-BA4A66D2CF0D-230x153.jpeg 230w\" sizes=\"auto, (max-width: 300px) 100vw, 300px\" \/><\/p>\n<p class=\"p1\"><span class=\"s1\">Na semana passada, o mesmo Randolfe participou de reuni\u00e3o com a bancada de Bras\u00edlia sobre o assunto, em que foi sinalizado que o reajuste seria parcelado em tr\u00eas vezes, at\u00e9 2025. O que desagradou muito ao GDF, a parlamentares locais e, principalmente, \u00e0s for\u00e7as policiais, por ser diferente do que havia sido acordado antes.<\/span><\/p>\n<p>Sobre o Fundo Constitucional do DF, &#8220;Lula disse que n\u00e3o sabia da mudan\u00e7a&#8221;, contou o senador Izalci, ap\u00f3s a reuni\u00e3o. &#8220;O presidente demonstrou que pode vetar essa parte do texto do Arcabou\u00e7o Fiscal ou nos ajudar a retirar caso passe no Senado&#8221;, afirmou a senador.<\/p>\n<p>Participaram tamb\u00e9m da reuni\u00e3o o ministro de Rela\u00e7\u00f5es Institucionais, Alexandre\u00a0Padilha, e o senador Jacques Wagner (PT\/BA), l\u00edder do governo no Senado.<\/p>\n","protected":false},"excerpt":{"rendered":"<p>Em encontro com os l\u00edderes do Senado, o presidente da Rep\u00fablica foi questionado sobre impasses que prejudicam a capital federal. E teria autorizado envio do PLN das for\u00e7as policiais do DF ao Congresso Por Samanta Sallum Em reuni\u00e3o no Pal\u00e1cio do Planalto, que terminou h\u00e1 pouco, o presidente Lula tentou estreitar o di\u00e1logo com os l\u00edderes do Senado para dar [&hellip;]<\/p>\n","protected":false},"author":125,"featured_media":13202,"comment_status":"open","ping_status":"open","sticky":false,"template":"","format":"standard","meta":{"footnotes":""},"categories":[6],"tags":[702,2082,1327,2083,1165,1730],"class_list":["post-13197","post","type-post","status-publish","format-standard","has-post-thumbnail","hentry","category-coluna-capital-s-a","tag-aumento","tag-forcaspoliciais","tag-fundoconstitucional","tag-impasse","tag-lula","tag-segurancapublica"],"_links":{"self":[{"href":"https:\/\/blogs.correiobraziliense.com.br\/capital-sa\/wp-json\/wp\/v2\/posts\/13197","targetHints":{"allow":["GET"]}}],"collection":[{"href":"https:\/\/blogs.correiobraziliense.com.br\/capital-sa\/wp-json\/wp\/v2\/posts"}],"about":[{"href":"https:\/\/blogs.correiobraziliense.com.br\/capital-sa\/wp-json\/wp\/v2\/types\/post"}],"author":[{"embeddable":true,"href":"https:\/\/blogs.correiobraziliense.com.br\/capital-sa\/wp-json\/wp\/v2\/users\/125"}],"replies":[{"embeddable":true,"href":"https:\/\/blogs.correiobraziliense.com.br\/capital-sa\/wp-json\/wp\/v2\/comments?post=13197"}],"version-history":[{"count":17,"href":"https:\/\/blogs.correiobraziliense.com.br\/capital-sa\/wp-json\/wp\/v2\/posts\/13197\/revisions"}],"predecessor-version":[{"id":13279,"href":"https:\/\/blogs.correiobraziliense.com.br\/capital-sa\/wp-json\/wp\/v2\/posts\/13197\/revisions\/13279"}],"wp:featuredmedia":[{"embeddable":true,"href":"https:\/\/blogs.correiobraziliense.com.br\/capital-sa\/wp-json\/wp\/v2\/media\/13202"}],"wp:attachment":[{"href":"https:\/\/blogs.correiobraziliense.com.br\/capital-sa\/wp-json\/wp\/v2\/media?parent=13197"}],"wp:term":[{"taxonomy":"category","embeddable":true,"href":"https:\/\/blogs.correiobraziliense.com.br\/capital-sa\/wp-json\/wp\/v2\/categories?post=13197"},{"taxonomy":"post_tag","embeddable":true,"href":"https:\/\/blogs.correiobraziliense.com.br\/capital-sa\/wp-json\/wp\/v2\/tags?post=13197"}],"curies":[{"name":"wp","href":"https:\/\/api.w.org\/{rel}","templated":true}]}}