{"id":13187,"date":"2023-06-04T20:41:26","date_gmt":"2023-06-04T23:41:26","guid":{"rendered":"https:\/\/blogs.correiobraziliense.com.br\/capital-sa\/?p=13187"},"modified":"2023-06-12T22:39:32","modified_gmt":"2023-06-13T01:39:32","slug":"sobre-rui-costa-so-vive-entre-o-aeroporto-e-o-palacio-do-planalto-diz-psd-df","status":"publish","type":"post","link":"https:\/\/blogs.correiobraziliense.com.br\/capital-sa\/2023\/06\/04\/sobre-rui-costa-so-vive-entre-o-aeroporto-e-o-palacio-do-planalto-diz-psd-df\/","title":{"rendered":"Sobre Rui Costa: &#8220;S\u00f3 vive entre o aeroporto e o Pal\u00e1cio do Planalto&#8221;, diz PSD\/DF"},"content":{"rendered":"<p class=\"p1\"><em>A regional do partido lembrou a import\u00e2ncia da decis\u00e3o de JK em criar Bras\u00edlia\u00a0<\/em><\/p>\n<p><b>Por Samanta Sallum\u00a0<\/b><\/p>\n<p class=\"p1\"><span class=\"s1\">O diret\u00f3rio do PSD do Distrito Federal se manifestou em tom bastante cr\u00edtico ao ministro\u00a0<\/span>Rui Costa, depois que ele disparou frases depreciativas contra a capital federal.<\/p>\n<p class=\"p1\"><span class=\"s1\">&#8220;O ilustre chefe da Casa Civil da Presid\u00eancia n\u00e3o conhece Bras\u00edlia. No m\u00e1ximo, circula, alguns dias na semana, entre o aeroporto, o seu gabinete no Pal\u00e1cio do Planalto e alguns minist\u00e9rios, isso entre a segunda e a quinta-feira. Vive sua vida em Salvador, Bahia&#8221;, aponta a nota do partido. <\/span><\/p>\n<p class=\"p1\"><span class=\"s1\">Em evento p\u00fablico na Bahia, Costa afirmou que Bras\u00edlia \u00e9 &#8220;uma ilha da fantasia&#8221; e que na cidade &#8220;decis\u00f5es erradas s\u00e3o tomadas como certas&#8221;. <\/span><\/p>\n<p class=\"p1\"><span class=\"s1\">O PSD\/DF, em nota, ressalta que<span class=\"Apple-converted-space\">\u00a0<\/span>Bras\u00edlia cumpriu a miss\u00e3o para qual foi criada e lembra a a\u00e7\u00e3o vision\u00e1ria de Juscelino Kubistchek. &#8220;A nova capital foi s\u00edmbolo de dois preciosos objetivos. Modernizar a economia nacional, data desta \u00e9poca, por exemplo, a cria\u00e7\u00e3o da ind\u00fastria automobil\u00edstica nacional. E interiorizar o progresso e agregar enorme parte do territ\u00f3rio para utiliza\u00e7\u00e3o da agricultura. O espetacular desempenho do agroneg\u00f3cio no Brasil, em parte resultado do trabalho no Centro-Oeste, Distrito Federal inclu\u00eddo, demonstra que os objetivos foram atingidos.&#8221;<\/span><\/p>\n<p class=\"p1\"><span class=\"s1\">&#8220;A realidade contradiz a infeliz frase do chefe da Casa Civil. O PSD-DF repudia essas falas e convida o ilustre ministro a conhecer melhor o Distrito Federal&#8221;, refor\u00e7ou o presidente regional do partido, Paulo Octavio. <\/span><\/p>\n<p class=\"p1\"><span class=\"s1\">Segue trecho da nota:<\/span><\/p>\n<p class=\"p1\"><span class=\"s1\">&#8220;Bras\u00edlia, criada pelo presidente JK, integrante destacado do PSD, tem hoje tr\u00eas milh\u00f5es de habitantes, o que demonstra o acerto de sua constru\u00e7\u00e3o. Em popula\u00e7\u00e3o fica atr\u00e1s, apenas, do Rio de Janeiro e de S\u00e3o Paulo. Se o ilustre Ministro sair da Esplanada dos Minist\u00e9rios vai conhecer o Plano Piloto, as cidades que comp\u00f5em o Distrito Federal. E se for al\u00e9m, conhecer\u00e1 os n\u00facleos urbanos que integram a regi\u00e3o metropolitana, cidades dos Estados de Goi\u00e1s e Minas Gerais.&#8221;<\/span><\/p>\n","protected":false},"excerpt":{"rendered":"<p>A regional do partido lembrou a import\u00e2ncia da decis\u00e3o de JK em criar Bras\u00edlia\u00a0 Por Samanta Sallum\u00a0 O diret\u00f3rio do PSD do Distrito Federal se manifestou em tom bastante cr\u00edtico ao ministro\u00a0Rui Costa, depois que ele disparou frases depreciativas contra a capital federal. &#8220;O ilustre chefe da Casa Civil da Presid\u00eancia n\u00e3o conhece Bras\u00edlia. No m\u00e1ximo, circula, alguns dias na [&hellip;]<\/p>\n","protected":false},"author":125,"featured_media":13191,"comment_status":"open","ping_status":"open","sticky":false,"template":"","format":"standard","meta":{"footnotes":""},"categories":[6],"tags":[124,2085,2084,2066],"class_list":["post-13187","post","type-post","status-publish","format-standard","has-post-thumbnail","hentry","category-coluna-capital-s-a","tag-brasilia","tag-declaracoes","tag-psddf","tag-ruicosta"],"_links":{"self":[{"href":"https:\/\/blogs.correiobraziliense.com.br\/capital-sa\/wp-json\/wp\/v2\/posts\/13187","targetHints":{"allow":["GET"]}}],"collection":[{"href":"https:\/\/blogs.correiobraziliense.com.br\/capital-sa\/wp-json\/wp\/v2\/posts"}],"about":[{"href":"https:\/\/blogs.correiobraziliense.com.br\/capital-sa\/wp-json\/wp\/v2\/types\/post"}],"author":[{"embeddable":true,"href":"https:\/\/blogs.correiobraziliense.com.br\/capital-sa\/wp-json\/wp\/v2\/users\/125"}],"replies":[{"embeddable":true,"href":"https:\/\/blogs.correiobraziliense.com.br\/capital-sa\/wp-json\/wp\/v2\/comments?post=13187"}],"version-history":[{"count":5,"href":"https:\/\/blogs.correiobraziliense.com.br\/capital-sa\/wp-json\/wp\/v2\/posts\/13187\/revisions"}],"predecessor-version":[{"id":13281,"href":"https:\/\/blogs.correiobraziliense.com.br\/capital-sa\/wp-json\/wp\/v2\/posts\/13187\/revisions\/13281"}],"wp:featuredmedia":[{"embeddable":true,"href":"https:\/\/blogs.correiobraziliense.com.br\/capital-sa\/wp-json\/wp\/v2\/media\/13191"}],"wp:attachment":[{"href":"https:\/\/blogs.correiobraziliense.com.br\/capital-sa\/wp-json\/wp\/v2\/media?parent=13187"}],"wp:term":[{"taxonomy":"category","embeddable":true,"href":"https:\/\/blogs.correiobraziliense.com.br\/capital-sa\/wp-json\/wp\/v2\/categories?post=13187"},{"taxonomy":"post_tag","embeddable":true,"href":"https:\/\/blogs.correiobraziliense.com.br\/capital-sa\/wp-json\/wp\/v2\/tags?post=13187"}],"curies":[{"name":"wp","href":"https:\/\/api.w.org\/{rel}","templated":true}]}}