{"id":13179,"date":"2023-06-04T17:39:37","date_gmt":"2023-06-04T20:39:37","guid":{"rendered":"https:\/\/blogs.correiobraziliense.com.br\/capital-sa\/?p=13179"},"modified":"2023-06-12T22:42:11","modified_gmt":"2023-06-13T01:42:11","slug":"preconceito-e-desconhecimento-reage-setor-produtivo-do-df-a-rui-costa","status":"publish","type":"post","link":"https:\/\/blogs.correiobraziliense.com.br\/capital-sa\/2023\/06\/04\/preconceito-e-desconhecimento-reage-setor-produtivo-do-df-a-rui-costa\/","title":{"rendered":"&#8220;Preconceito e desconhecimento&#8221;, reage setor produtivo a Rui Costa"},"content":{"rendered":"<p class=\"p1\"><b>Por Samanta Sallum\u00a0<\/b><\/p>\n<p class=\"p1\"><span class=\"s1\">Entidades do setor produtivo do Distrito Federal tamb\u00e9m reagiram de forma contundente \u00e0s declara\u00e7\u00f5es ofensivas do chefe da Casa Civil, ministro Rui Costa, a Bras\u00edlia. Rebatem o desprezo do pol\u00edtico baiano com a capital federal, apontando o peso social\u00a0<\/span>e econ\u00f4mico da regi\u00e3o.<\/p>\n<p class=\"p1\"><span class=\"s1\">&#8220;A fala do ministro denota, no m\u00ednimo, preconceito e desconhecimento. Bras\u00edlia abriga, hoje, mais de 3 milh\u00f5es de brasileiros com origem em todas as regi\u00f5es do pa\u00eds. Desses, quase 60% s\u00e3o brasilienses natos. A capital \u00e9 a oitava maior economia do pa\u00eds, produz para o Brasil um PIB de R$ 337 bilh\u00f5es, fruto do trabalho incans\u00e1vel desses brasileiros&#8221;, destaca nota de rep\u00fadio, assinada por v\u00e1rias entidades do segmento econ\u00f4mico local. Entre elas, o Sindicato das Empresas da Constru\u00e7\u00e3o Civil (Sinduscon\/DF), o Conselho de Desenvolvimento Econ\u00f4mico e Sustent\u00e1vel do DF (Codese), Ademi e Asbraco.<\/span><\/p>\n<p class=\"p1\"><span class=\"s1\">&#8220;Se o ministro andasse pela Bras\u00edlia real, muito maior que a Bras\u00edlia da Esplanada dos Minist\u00e9rios, conheceria de perto uma cidade viva, pujante, com riquezas e pobrezas, virtudes e defeitos, como qualquer cidade brasileira, e teria se abstido de fala t\u00e3o ofensiva \u00e0 nossa popula\u00e7\u00e3o&#8221;, destacam as entidades.<\/span><\/p>\n<p class=\"p1\"><span class=\"s1\">Rui Costa afirmou, na semana passada, em evento recente na Bahia que Bras\u00edlia seria uma &#8220;ilha da fantasia&#8221;. Disse ainda que melhor seria se a capital tivesse ficado no Rio de Janeiro, ido pra S\u00e3o Paulo, Minas ou mesmo \u00e0 Bahia. O ministro foi al\u00e9m e declarou que Bras\u00edlia &#8220;faz muito mal ao Brasil&#8221;.<\/span><\/p>\n","protected":false},"excerpt":{"rendered":"<p>Por Samanta Sallum\u00a0 Entidades do setor produtivo do Distrito Federal tamb\u00e9m reagiram de forma contundente \u00e0s declara\u00e7\u00f5es ofensivas do chefe da Casa Civil, ministro Rui Costa, a Bras\u00edlia. Rebatem o desprezo do pol\u00edtico baiano com a capital federal, apontando o peso social\u00a0e econ\u00f4mico da regi\u00e3o. &#8220;A fala do ministro denota, no m\u00ednimo, preconceito e desconhecimento. Bras\u00edlia abriga, hoje, mais de [&hellip;]<\/p>\n","protected":false},"author":125,"featured_media":13182,"comment_status":"open","ping_status":"open","sticky":false,"template":"","format":"standard","meta":{"footnotes":""},"categories":[6],"tags":[124,2086,2087,1006,2066],"class_list":["post-13179","post","type-post","status-publish","format-standard","has-post-thumbnail","hentry","category-coluna-capital-s-a","tag-brasilia","tag-falasdepreciativas","tag-ilhadafantasia","tag-notaderepudio","tag-ruicosta"],"_links":{"self":[{"href":"https:\/\/blogs.correiobraziliense.com.br\/capital-sa\/wp-json\/wp\/v2\/posts\/13179","targetHints":{"allow":["GET"]}}],"collection":[{"href":"https:\/\/blogs.correiobraziliense.com.br\/capital-sa\/wp-json\/wp\/v2\/posts"}],"about":[{"href":"https:\/\/blogs.correiobraziliense.com.br\/capital-sa\/wp-json\/wp\/v2\/types\/post"}],"author":[{"embeddable":true,"href":"https:\/\/blogs.correiobraziliense.com.br\/capital-sa\/wp-json\/wp\/v2\/users\/125"}],"replies":[{"embeddable":true,"href":"https:\/\/blogs.correiobraziliense.com.br\/capital-sa\/wp-json\/wp\/v2\/comments?post=13179"}],"version-history":[{"count":8,"href":"https:\/\/blogs.correiobraziliense.com.br\/capital-sa\/wp-json\/wp\/v2\/posts\/13179\/revisions"}],"predecessor-version":[{"id":13283,"href":"https:\/\/blogs.correiobraziliense.com.br\/capital-sa\/wp-json\/wp\/v2\/posts\/13179\/revisions\/13283"}],"wp:featuredmedia":[{"embeddable":true,"href":"https:\/\/blogs.correiobraziliense.com.br\/capital-sa\/wp-json\/wp\/v2\/media\/13182"}],"wp:attachment":[{"href":"https:\/\/blogs.correiobraziliense.com.br\/capital-sa\/wp-json\/wp\/v2\/media?parent=13179"}],"wp:term":[{"taxonomy":"category","embeddable":true,"href":"https:\/\/blogs.correiobraziliense.com.br\/capital-sa\/wp-json\/wp\/v2\/categories?post=13179"},{"taxonomy":"post_tag","embeddable":true,"href":"https:\/\/blogs.correiobraziliense.com.br\/capital-sa\/wp-json\/wp\/v2\/tags?post=13179"}],"curies":[{"name":"wp","href":"https:\/\/api.w.org\/{rel}","templated":true}]}}