{"id":13166,"date":"2023-06-04T16:51:54","date_gmt":"2023-06-04T19:51:54","guid":{"rendered":"https:\/\/blogs.correiobraziliense.com.br\/capital-sa\/?p=13166"},"modified":"2023-06-12T22:18:04","modified_gmt":"2023-06-13T01:18:04","slug":"oab-repudia-ofensa-de-rui-costa-a-brasilia-e-convoca-ato-em-defesa-da-capital","status":"publish","type":"post","link":"https:\/\/blogs.correiobraziliense.com.br\/capital-sa\/2023\/06\/04\/oab-repudia-ofensa-de-rui-costa-a-brasilia-e-convoca-ato-em-defesa-da-capital\/","title":{"rendered":"OAB repudia &#8220;ofensa&#8221; de Rui Costa a Bras\u00edlia e convoca ato em defesa da capital"},"content":{"rendered":"<p><em>Advogados, pol\u00edticos, empres\u00e1rios e representantes da sociedade civil participar\u00e3o do movimento de desagravo \u00e0 capital federal\u00a0<\/em><\/p>\n<p class=\"p1\"><b>Por Samanta Sallum\u00a0<\/b><\/p>\n<p class=\"p1\"><span class=\"s1\">&#8220;Ele n\u00e3o tem no\u00e7\u00e3o da responsabilidade do cargo que ocupa&#8221;, criticou o presidente da OAB\/DF, Delio Lins e Silva Jr. A rea\u00e7\u00e3o veio ap\u00f3s o ataque do ministro-chefe da Casa Civil, Rui Costa, a Bras\u00edlia. Ele declarou que a cidade &#8220;faz muito mal ao Brasil&#8221;. <\/span><\/p>\n<p class=\"p1\"><span class=\"s1\">Segundo a dire\u00e7\u00e3o da OAB\/DF, Costa desrespeitou &#8220;a dignidade de todos os cidad\u00e3os de Bras\u00edlia e daqueles que s\u00e3o recebidos de bra\u00e7os abertos na nossa capital&#8221;.<\/span><\/p>\n<p class=\"p1\"><span class=\"s1\">A entidade convocou um ato para ter\u00e7a-feira, na sede da seccional, em defesa do DF. Pol\u00edticos, advogados, representantes da sociedade civil, do meio acad\u00eamico, do setor produtivo e empres\u00e1rios confirmarampresen\u00e7a.<\/span><\/p>\n<p class=\"p1\"><span class=\"s1\">&#8220;Digamos n\u00e3o a discursos desalinhados com o que Bras\u00edlia representa para o pa\u00eds. O DF \u00e9 da gente, de toda a gente trabalhadora e honesta que est\u00e1 por aqui.\u00a0<\/span>Os dizeres do ministro ofendem a mem\u00f3ria de nossos antepassados, daqueles que acreditam no projeto de um Brasil para todos que Bras\u00edlia representa. Assim, a Diretoria da OAB\/DF vem, firmemente, repudiar suas declara\u00e7\u00f5es, tal como publicadas neste domingo pelo jornal <a href=\"https:\/\/blogs.correiobraziliense.com.br\/cbpoder\/ministro-da-casa-civil-do-governo-lula-diz-que-brasilia-fez-muito-mal-ao-brasil\/\">Correio Braziliense&#8221;<\/a>, frisou em nota oficial a entidade.<\/p>\n","protected":false},"excerpt":{"rendered":"<p>Advogados, pol\u00edticos, empres\u00e1rios e representantes da sociedade civil participar\u00e3o do movimento de desagravo \u00e0 capital federal\u00a0 Por Samanta Sallum\u00a0 &#8220;Ele n\u00e3o tem no\u00e7\u00e3o da responsabilidade do cargo que ocupa&#8221;, criticou o presidente da OAB\/DF, Delio Lins e Silva Jr. A rea\u00e7\u00e3o veio ap\u00f3s o ataque do ministro-chefe da Casa Civil, Rui Costa, a Bras\u00edlia. Ele declarou que a cidade &#8220;faz [&hellip;]<\/p>\n","protected":false},"author":125,"featured_media":13169,"comment_status":"open","ping_status":"open","sticky":false,"template":"","format":"standard","meta":{"footnotes":""},"categories":[6],"tags":[124,332,2065,2066],"class_list":["post-13166","post","type-post","status-publish","format-standard","has-post-thumbnail","hentry","category-coluna-capital-s-a","tag-brasilia","tag-df","tag-oabdf","tag-ruicosta"],"_links":{"self":[{"href":"https:\/\/blogs.correiobraziliense.com.br\/capital-sa\/wp-json\/wp\/v2\/posts\/13166","targetHints":{"allow":["GET"]}}],"collection":[{"href":"https:\/\/blogs.correiobraziliense.com.br\/capital-sa\/wp-json\/wp\/v2\/posts"}],"about":[{"href":"https:\/\/blogs.correiobraziliense.com.br\/capital-sa\/wp-json\/wp\/v2\/types\/post"}],"author":[{"embeddable":true,"href":"https:\/\/blogs.correiobraziliense.com.br\/capital-sa\/wp-json\/wp\/v2\/users\/125"}],"replies":[{"embeddable":true,"href":"https:\/\/blogs.correiobraziliense.com.br\/capital-sa\/wp-json\/wp\/v2\/comments?post=13166"}],"version-history":[{"count":11,"href":"https:\/\/blogs.correiobraziliense.com.br\/capital-sa\/wp-json\/wp\/v2\/posts\/13166\/revisions"}],"predecessor-version":[{"id":13267,"href":"https:\/\/blogs.correiobraziliense.com.br\/capital-sa\/wp-json\/wp\/v2\/posts\/13166\/revisions\/13267"}],"wp:featuredmedia":[{"embeddable":true,"href":"https:\/\/blogs.correiobraziliense.com.br\/capital-sa\/wp-json\/wp\/v2\/media\/13169"}],"wp:attachment":[{"href":"https:\/\/blogs.correiobraziliense.com.br\/capital-sa\/wp-json\/wp\/v2\/media?parent=13166"}],"wp:term":[{"taxonomy":"category","embeddable":true,"href":"https:\/\/blogs.correiobraziliense.com.br\/capital-sa\/wp-json\/wp\/v2\/categories?post=13166"},{"taxonomy":"post_tag","embeddable":true,"href":"https:\/\/blogs.correiobraziliense.com.br\/capital-sa\/wp-json\/wp\/v2\/tags?post=13166"}],"curies":[{"name":"wp","href":"https:\/\/api.w.org\/{rel}","templated":true}]}}