{"id":13162,"date":"2023-06-04T08:00:08","date_gmt":"2023-06-04T11:00:08","guid":{"rendered":"https:\/\/blogs.correiobraziliense.com.br\/capital-sa\/?p=13162"},"modified":"2023-06-05T18:04:16","modified_gmt":"2023-06-05T21:04:16","slug":"estimulo-a-preservacao-da-arquitetura-modernista-de-brasilia","status":"publish","type":"post","link":"https:\/\/blogs.correiobraziliense.com.br\/capital-sa\/2023\/06\/04\/estimulo-a-preservacao-da-arquitetura-modernista-de-brasilia\/","title":{"rendered":"Estimulo \u00e0 preserva\u00e7\u00e3o da arquitetura modernista de Bras\u00edlia"},"content":{"rendered":"<p class=\"p1\"><b>Por Samanta Sallum\u00a0<\/b><\/p>\n<p class=\"p1\"><span class=\"s1\">O Conselho de Arquitetura e Urbanismo do Distrito Federal lan\u00e7ou a 4\u00aa edi\u00e7\u00e3o do Selo CAU\/DF \u2013 Arquitetura de Bras\u00edlia. As inscri\u00e7\u00f5es v\u00e3o at\u00e9 a pr\u00f3xima ter\u00e7a-feira pelo site da entidade. Desde 2020, a certifica\u00e7\u00e3o reconhece o valor hist\u00f3rico de edifica\u00e7\u00f5es residenciais e comerciais e de seus autores. Al\u00e9m disso, divulga boas pr\u00e1ticas de conserva\u00e7\u00e3o e manuten\u00e7\u00e3o predial que preservam a linguagem arquitet\u00f4nica do movimento moderno.<span class=\"Apple-converted-space\">\u00a0 \u00a0<\/span><\/span><\/p>\n<p class=\"p1\"><span class=\"s1\"><b>Hot\u00e9is e hospitais <\/b><\/span><\/p>\n<p class=\"p1\"><span class=\"s1\">Em 2023, o selo traz novidades. Hot\u00e9is e hospitais entraram na lista de pr\u00e9dios analisados, al\u00e9m de blocos residenciais das superquadras, escolas p\u00fablicas e privadas e edif\u00edcios de escrit\u00f3rio constru\u00eddos nas primeiras d\u00e9cadas da cidade.<\/span><\/p>\n<p class=\"p1\"><span class=\"s1\"><b>Comiss\u00e3o Permanente de Patrim\u00f4nio <\/b><\/span><\/p>\n<p class=\"p1\"><span class=\"s1\">&#8220;Estamos dando continuidade ao trabalho da Comiss\u00e3o Permanente de Patrim\u00f4nio que faz a avalia\u00e7\u00e3o e pesquisa de diferentes edifica\u00e7\u00f5es, dos autores originais, dessa arquitetura cotidiana, colocando sempre em evid\u00eancia a sua preserva\u00e7\u00e3o. O resultado sair\u00e1 em agosto, na Semana do Patrim\u00f4nio, e as indica\u00e7\u00f5es poder\u00e3o ser feitas por qualquer cidad\u00e3(ao) em nosso site&#8221;, conta o coordenador da Comiss\u00e3o e vice-presidente do CAU\/DF, arquiteto e urbanista, Pedro Grilo.<\/span><\/p>\n","protected":false},"excerpt":{"rendered":"<p>Por Samanta Sallum\u00a0 O Conselho de Arquitetura e Urbanismo do Distrito Federal lan\u00e7ou a 4\u00aa edi\u00e7\u00e3o do Selo CAU\/DF \u2013 Arquitetura de Bras\u00edlia. As inscri\u00e7\u00f5es v\u00e3o at\u00e9 a pr\u00f3xima ter\u00e7a-feira pelo site da entidade. Desde 2020, a certifica\u00e7\u00e3o reconhece o valor hist\u00f3rico de edifica\u00e7\u00f5es residenciais e comerciais e de seus autores. Al\u00e9m disso, divulga boas pr\u00e1ticas de conserva\u00e7\u00e3o e manuten\u00e7\u00e3o [&hellip;]<\/p>\n","protected":false},"author":125,"featured_media":13165,"comment_status":"open","ping_status":"open","sticky":false,"template":"","format":"standard","meta":{"footnotes":""},"categories":[6],"tags":[92,2064,260,39],"class_list":["post-13162","post","type-post","status-publish","format-standard","has-post-thumbnail","hentry","category-coluna-capital-s-a","tag-arquitetura","tag-modernismo","tag-selo","tag-cau-df"],"_links":{"self":[{"href":"https:\/\/blogs.correiobraziliense.com.br\/capital-sa\/wp-json\/wp\/v2\/posts\/13162","targetHints":{"allow":["GET"]}}],"collection":[{"href":"https:\/\/blogs.correiobraziliense.com.br\/capital-sa\/wp-json\/wp\/v2\/posts"}],"about":[{"href":"https:\/\/blogs.correiobraziliense.com.br\/capital-sa\/wp-json\/wp\/v2\/types\/post"}],"author":[{"embeddable":true,"href":"https:\/\/blogs.correiobraziliense.com.br\/capital-sa\/wp-json\/wp\/v2\/users\/125"}],"replies":[{"embeddable":true,"href":"https:\/\/blogs.correiobraziliense.com.br\/capital-sa\/wp-json\/wp\/v2\/comments?post=13162"}],"version-history":[{"count":4,"href":"https:\/\/blogs.correiobraziliense.com.br\/capital-sa\/wp-json\/wp\/v2\/posts\/13162\/revisions"}],"predecessor-version":[{"id":13196,"href":"https:\/\/blogs.correiobraziliense.com.br\/capital-sa\/wp-json\/wp\/v2\/posts\/13162\/revisions\/13196"}],"wp:featuredmedia":[{"embeddable":true,"href":"https:\/\/blogs.correiobraziliense.com.br\/capital-sa\/wp-json\/wp\/v2\/media\/13165"}],"wp:attachment":[{"href":"https:\/\/blogs.correiobraziliense.com.br\/capital-sa\/wp-json\/wp\/v2\/media?parent=13162"}],"wp:term":[{"taxonomy":"category","embeddable":true,"href":"https:\/\/blogs.correiobraziliense.com.br\/capital-sa\/wp-json\/wp\/v2\/categories?post=13162"},{"taxonomy":"post_tag","embeddable":true,"href":"https:\/\/blogs.correiobraziliense.com.br\/capital-sa\/wp-json\/wp\/v2\/tags?post=13162"}],"curies":[{"name":"wp","href":"https:\/\/api.w.org\/{rel}","templated":true}]}}