{"id":13153,"date":"2023-06-02T15:16:39","date_gmt":"2023-06-02T18:16:39","guid":{"rendered":"https:\/\/blogs.correiobraziliense.com.br\/capital-sa\/?p=13153"},"modified":"2023-06-05T18:01:53","modified_gmt":"2023-06-05T21:01:53","slug":"relatora-de-projeto-sobre-pro-df-convoca-audiencia-publica","status":"publish","type":"post","link":"https:\/\/blogs.correiobraziliense.com.br\/capital-sa\/2023\/06\/02\/relatora-de-projeto-sobre-pro-df-convoca-audiencia-publica\/","title":{"rendered":"Relatora de projeto sobre Pr\u00f3-DF convoca audi\u00eancia p\u00fablica"},"content":{"rendered":"<p class=\"p1\"><b>Por Samanta Sallum\u00a0<\/b><\/p>\n<p class=\"p1\"><span class=\"s1\">O Projeto de Lei 219\/2023, enviado recentemente pelo GDF \u00e0 C\u00e2mara Legislativa, reabre prazos para adequa\u00e7\u00e3o de empresas aos programas de desenvolvimento econ\u00f4mico, como os Pr\u00f3-DF 1 e 2. Aqueles em que a Terracap concede terrenos a empresas, com condi\u00e7\u00f5es especiais, desde que cumpram exig\u00eancias: como prazo de implanta\u00e7\u00e3o e funcionamento, al\u00e9m de metas de gera\u00e7\u00e3o de emprego. Muitas n\u00e3o conseguiram cumprir as cl\u00e1usulas do contrato nos \u00faltimos anos. Para dar mais uma chance de se enquadrarem aos programas, o GDF enviou o projeto.<br \/>\n<\/span><\/p>\n<p>H\u00e1 grande expectativa do setor para que seja votado. Era para ter sido nesta semana. Mas a relatora da mat\u00e9ria, a deputada Paula Belmonte (Cidadania), pediu mais tempo de an\u00e1lise do assunto e convocou uma audi\u00eancia p\u00fablica.<\/p>\n<p class=\"p1\"><span class=\"s1\"><b>Rea\u00e7\u00e3o<\/b><\/span><\/p>\n<p class=\"p1\"><span class=\"s1\">Belmonte reclamou publicamente da press\u00e3o do governo e de alguns grupos, apesar de ser considerada uma aliada do setor produtivo do DF.<br \/>\n<\/span><\/p>\n<p class=\"p1\"><span class=\"s1\">&#8220;N\u00e3o sou carimbadora de papel. Sou empres\u00e1ria, acredito na import\u00e2ncia do setor como forma de dar, com empregos, dignidade a trabalhadores, ganhando o pr\u00f3prio sustento. E, assim, n\u00e3o terem de depender do Estado. Defendo uma legisla\u00e7\u00e3o, sim, que d\u00ea seguran\u00e7a jur\u00eddica aos empreendedores. E tenho agora a responsabilidade de assinar o relat\u00f3rio sobre esse projeto do Pr\u00f3-DF. Mas n\u00e3o poderia fazer isso de forma assodada. N\u00e3o serei aqui mera carimbadora de papel&#8221;, afirmou.<br \/>\n<\/span><\/p>\n<p class=\"p1\"><span class=\"s1\">A audi\u00eancia p\u00fablica ser\u00e1 na segunda-feira e h\u00e1 chance de o projeto ser votado na pr\u00f3xima ter\u00e7a.<\/span><\/p>\n","protected":false},"excerpt":{"rendered":"<p>Por Samanta Sallum\u00a0 O Projeto de Lei 219\/2023, enviado recentemente pelo GDF \u00e0 C\u00e2mara Legislativa, reabre prazos para adequa\u00e7\u00e3o de empresas aos programas de desenvolvimento econ\u00f4mico, como os Pr\u00f3-DF 1 e 2. Aqueles em que a Terracap concede terrenos a empresas, com condi\u00e7\u00f5es especiais, desde que cumpram exig\u00eancias: como prazo de implanta\u00e7\u00e3o e funcionamento, al\u00e9m de metas de gera\u00e7\u00e3o de [&hellip;]<\/p>\n","protected":false},"author":125,"featured_media":13158,"comment_status":"open","ping_status":"open","sticky":false,"template":"","format":"standard","meta":{"footnotes":""},"categories":[6],"tags":[1127,578,930,1057,1184],"class_list":["post-13153","post","type-post","status-publish","format-standard","has-post-thumbnail","hentry","category-coluna-capital-s-a","tag-paulabelmonte","tag-pro-df","tag-projetodelei","tag-terracap","tag-terrenos"],"_links":{"self":[{"href":"https:\/\/blogs.correiobraziliense.com.br\/capital-sa\/wp-json\/wp\/v2\/posts\/13153","targetHints":{"allow":["GET"]}}],"collection":[{"href":"https:\/\/blogs.correiobraziliense.com.br\/capital-sa\/wp-json\/wp\/v2\/posts"}],"about":[{"href":"https:\/\/blogs.correiobraziliense.com.br\/capital-sa\/wp-json\/wp\/v2\/types\/post"}],"author":[{"embeddable":true,"href":"https:\/\/blogs.correiobraziliense.com.br\/capital-sa\/wp-json\/wp\/v2\/users\/125"}],"replies":[{"embeddable":true,"href":"https:\/\/blogs.correiobraziliense.com.br\/capital-sa\/wp-json\/wp\/v2\/comments?post=13153"}],"version-history":[{"count":6,"href":"https:\/\/blogs.correiobraziliense.com.br\/capital-sa\/wp-json\/wp\/v2\/posts\/13153\/revisions"}],"predecessor-version":[{"id":13194,"href":"https:\/\/blogs.correiobraziliense.com.br\/capital-sa\/wp-json\/wp\/v2\/posts\/13153\/revisions\/13194"}],"wp:featuredmedia":[{"embeddable":true,"href":"https:\/\/blogs.correiobraziliense.com.br\/capital-sa\/wp-json\/wp\/v2\/media\/13158"}],"wp:attachment":[{"href":"https:\/\/blogs.correiobraziliense.com.br\/capital-sa\/wp-json\/wp\/v2\/media?parent=13153"}],"wp:term":[{"taxonomy":"category","embeddable":true,"href":"https:\/\/blogs.correiobraziliense.com.br\/capital-sa\/wp-json\/wp\/v2\/categories?post=13153"},{"taxonomy":"post_tag","embeddable":true,"href":"https:\/\/blogs.correiobraziliense.com.br\/capital-sa\/wp-json\/wp\/v2\/tags?post=13153"}],"curies":[{"name":"wp","href":"https:\/\/api.w.org\/{rel}","templated":true}]}}