{"id":13142,"date":"2023-06-02T14:53:53","date_gmt":"2023-06-02T17:53:53","guid":{"rendered":"https:\/\/blogs.correiobraziliense.com.br\/capital-sa\/?p=13142"},"modified":"2023-06-05T17:35:20","modified_gmt":"2023-06-05T20:35:20","slug":"escola-de-eletricistas-aposta-na-habilidade-feminina","status":"publish","type":"post","link":"https:\/\/blogs.correiobraziliense.com.br\/capital-sa\/2023\/06\/02\/escola-de-eletricistas-aposta-na-habilidade-feminina\/","title":{"rendered":"Escola de Eletricistas aposta na habilidade feminina"},"content":{"rendered":"<p><em>Parceria entre o Senai e a Neoenergia capacita mulheres para exercer nova profiss\u00e3o\u00a0<\/em><\/p>\n<p class=\"p1\"><span class=\"s1\"><b>Por Samanta Sallum\u00a0<\/b><\/span><\/p>\n<p>O presidente da Fibra, Jamal Jorge Bittar, participou da formatura da 15\u00aa turma da Escola de Eletricistas, a\u00e7\u00e3o que qualifica profissionais para atua\u00e7\u00e3o no setor el\u00e9trico realizado pela Neoenergia e executado pelo Servi\u00e7o Nacional de Aprendizagem Industrial do DF (Senai-DF). O evento teve a participa\u00e7\u00e3o da primeira-dama do Brasil, Janja Lula da Silva, e da ministra das Mulheres, Cida Gon\u00e7alves. No encontro, Jamal as convidou para conhecer os projetos desenvolvidos pelas entidades da ind\u00fastria no DF voltados ao desenvolvimento social.<\/p>\n<p class=\"p1\"><span class=\"s1\"><b>Vira Vida <\/b><\/span><\/p>\n<p class=\"p1\"><span class=\"s1\">&#8220;Fiz o convite para conhecerem, por exemplo, o Vira Vida, que devolve dignidade a jovens em situa\u00e7\u00e3o de vulnerabilidade. Ambas demonstram que t\u00eam como prop\u00f3sito claro dar apoio aos que mais precisam na sociedade, e a Fibra, o Sesi-DF e o Senai-DF desenvolvem v\u00e1rios projetos nesse sentido. Abri a elas as portas das institui\u00e7\u00f5es para realizarmos a\u00e7\u00f5es em parceria&#8221;, contou o presidente da Fibra.<\/span><\/p>\n<p class=\"p1\"><span class=\"s1\"><b>Inclus\u00e3o de mulheres no mercado de trabalho <\/b><\/span><\/p>\n<p class=\"p1\"><span class=\"s1\">A Escola de Eletricistas tem como um dos prop\u00f3sitos a inclus\u00e3o de mulheres no mercado de trabalho. No DF, 348 profissionais j\u00e1 foram qualificados pelo programa desde agosto de 2021, sendo que 239 foram contratados pela Neoenergia para compor o quadro de colaboradores da distribuidora. Desse total, 117 profissionais s\u00e3o mulheres.<br \/>\n<\/span><\/p>\n<p><img loading=\"lazy\" decoding=\"async\" class=\"aligncenter size-medium wp-image-13151\" src=\"https:\/\/blogs.correiobraziliense.com.br\/capital-sa\/wp-content\/uploads\/sites\/59\/2023\/06\/96DDECA5-645A-4D16-8819-2AB53DF371EE-300x194.jpeg\" alt=\"\" width=\"300\" height=\"194\" srcset=\"https:\/\/blogs.correiobraziliense.com.br\/capital-sa\/wp-content\/uploads\/sites\/59\/2023\/06\/96DDECA5-645A-4D16-8819-2AB53DF371EE-300x194.jpeg 300w, https:\/\/blogs.correiobraziliense.com.br\/capital-sa\/wp-content\/uploads\/sites\/59\/2023\/06\/96DDECA5-645A-4D16-8819-2AB53DF371EE-550x356.jpeg 550w, https:\/\/blogs.correiobraziliense.com.br\/capital-sa\/wp-content\/uploads\/sites\/59\/2023\/06\/96DDECA5-645A-4D16-8819-2AB53DF371EE-230x149.jpeg 230w, https:\/\/blogs.correiobraziliense.com.br\/capital-sa\/wp-content\/uploads\/sites\/59\/2023\/06\/96DDECA5-645A-4D16-8819-2AB53DF371EE.jpeg 640w\" sizes=\"auto, (max-width: 300px) 100vw, 300px\" \/><\/p>\n<p class=\"p1\"><span class=\"s1\">O diretor do Senai no DF, Marco Secco, tamb\u00e9m participou do evento.\u00a0<\/span>A formatura ocorreu na Confedera\u00e7\u00e3o Nacional da Ind\u00fastria (CNI) e diplomou 24 profissional, desses 11 mulheres.<\/p>\n<p class=\"p1\">Al\u00e9m do DF, a Neoenergia realiza a Escola de Eletricistas em outras quatro unidades da Federa\u00e7\u00e3o, com execu\u00e7\u00e3o do Senai. No total, j\u00e1 foram formados 5,5 mil eletricistas em todo o Brasil.<\/p>\n","protected":false},"excerpt":{"rendered":"<p>Parceria entre o Senai e a Neoenergia capacita mulheres para exercer nova profiss\u00e3o\u00a0 Por Samanta Sallum\u00a0 O presidente da Fibra, Jamal Jorge Bittar, participou da formatura da 15\u00aa turma da Escola de Eletricistas, a\u00e7\u00e3o que qualifica profissionais para atua\u00e7\u00e3o no setor el\u00e9trico realizado pela Neoenergia e executado pelo Servi\u00e7o Nacional de Aprendizagem Industrial do DF (Senai-DF). O evento teve a [&hellip;]<\/p>\n","protected":false},"author":125,"featured_media":13148,"comment_status":"open","ping_status":"open","sticky":false,"template":"","format":"standard","meta":{"footnotes":""},"categories":[6],"tags":[457,2063,2062,846,1433,796,337],"class_list":["post-13142","post","type-post","status-publish","format-standard","has-post-thumbnail","hentry","category-coluna-capital-s-a","tag-capacitacao","tag-eletricistas","tag-escola","tag-mercadodetrabalho","tag-neoenergia","tag-profissao","tag-senai"],"_links":{"self":[{"href":"https:\/\/blogs.correiobraziliense.com.br\/capital-sa\/wp-json\/wp\/v2\/posts\/13142","targetHints":{"allow":["GET"]}}],"collection":[{"href":"https:\/\/blogs.correiobraziliense.com.br\/capital-sa\/wp-json\/wp\/v2\/posts"}],"about":[{"href":"https:\/\/blogs.correiobraziliense.com.br\/capital-sa\/wp-json\/wp\/v2\/types\/post"}],"author":[{"embeddable":true,"href":"https:\/\/blogs.correiobraziliense.com.br\/capital-sa\/wp-json\/wp\/v2\/users\/125"}],"replies":[{"embeddable":true,"href":"https:\/\/blogs.correiobraziliense.com.br\/capital-sa\/wp-json\/wp\/v2\/comments?post=13142"}],"version-history":[{"count":8,"href":"https:\/\/blogs.correiobraziliense.com.br\/capital-sa\/wp-json\/wp\/v2\/posts\/13142\/revisions"}],"predecessor-version":[{"id":13192,"href":"https:\/\/blogs.correiobraziliense.com.br\/capital-sa\/wp-json\/wp\/v2\/posts\/13142\/revisions\/13192"}],"wp:featuredmedia":[{"embeddable":true,"href":"https:\/\/blogs.correiobraziliense.com.br\/capital-sa\/wp-json\/wp\/v2\/media\/13148"}],"wp:attachment":[{"href":"https:\/\/blogs.correiobraziliense.com.br\/capital-sa\/wp-json\/wp\/v2\/media?parent=13142"}],"wp:term":[{"taxonomy":"category","embeddable":true,"href":"https:\/\/blogs.correiobraziliense.com.br\/capital-sa\/wp-json\/wp\/v2\/categories?post=13142"},{"taxonomy":"post_tag","embeddable":true,"href":"https:\/\/blogs.correiobraziliense.com.br\/capital-sa\/wp-json\/wp\/v2\/tags?post=13142"}],"curies":[{"name":"wp","href":"https:\/\/api.w.org\/{rel}","templated":true}]}}