{"id":13076,"date":"2023-05-31T14:16:06","date_gmt":"2023-05-31T17:16:06","guid":{"rendered":"https:\/\/blogs.correiobraziliense.com.br\/capital-sa\/?p=13076"},"modified":"2023-05-31T17:39:14","modified_gmt":"2023-05-31T20:39:14","slug":"panorama-do-mercado-imobiliario-no-df-no-primeiro-trimestre","status":"publish","type":"post","link":"https:\/\/blogs.correiobraziliense.com.br\/capital-sa\/2023\/05\/31\/panorama-do-mercado-imobiliario-no-df-no-primeiro-trimestre\/","title":{"rendered":"Panorama do mercado imobili\u00e1rio do DF no primeiro trimestre"},"content":{"rendered":"<p><b>Por Samanta Sallum\u00a0<\/b><\/p>\n<p>Valor de compra de casas recua, mas alugu\u00e9is sobem. Apartamentos voltam a ter mais procura depois da pandemia. \u00c1guas Claras passa o Noroeste como a regi\u00e3o com mais oferta de im\u00f3veis em constru\u00e7\u00e3o do DF.<\/p>\n<p class=\"p1\"><span class=\"s1\">Foi registrada estabilidade nos pre\u00e7os de apartamentos, mesmo com a eleva\u00e7\u00e3o dos juros, no primeiro trimestre deste ano, no Distrito Federal. De acordo com o vice-presidente em Tend\u00eancias e Inova\u00e7\u00f5es do Secovi\/DF, Pablo Bueno, isso indica que o mercado n\u00e3o teve varia\u00e7\u00f5es significativas, depois da forte alta de 2020 e 2021. <\/span><\/p>\n<p class=\"p1\"><span class=\"s1\"><b>Movimento contr\u00e1rio ao da pandemia <\/b><\/span><\/p>\n<p class=\"p1\"><span class=\"s1\">Segundo os dados analisados, o pre\u00e7o das casas recuou por ter sido o mercado que obteve uma alta significativa em 2020 e 2021, por conta da pandemia. &#8220;Nessa \u00e9poca, observamos as pessoas buscando im\u00f3veis maiores, e agora, em um sentido contr\u00e1rio, algumas<span class=\"Apple-converted-space\">\u00a0 <\/span>j\u00e1 retornam para apartamentos&#8221;, informa Bueno.<\/span><\/p>\n<p class=\"p1\"><span class=\"s1\"><b>Aumento no valor dos alugu\u00e9is<\/b><\/span><\/p>\n<p class=\"p1\"><span class=\"s1\">Outro ponto de destaque do Boletim de Conjuntura Imobili\u00e1ria do Sindicato da Habita\u00e7\u00e3o do Distrito Federal \u00e9 a eleva\u00e7\u00e3o do valor de aluguel.<span class=\"Apple-converted-space\">\u00a0<\/span>Segundo o Secovi, normalmente acontece ap\u00f3s uma forte alta no valor dos im\u00f3veis para corrigir a rentabilidade. <\/span><\/p>\n<p class=\"p1\"><span class=\"s1\"><b>Impacto das mudan\u00e7as no governo e no Congresso <\/b><\/span><\/p>\n<p class=\"p1\"><span class=\"s1\">Para o presidente do Secovi\/DF, Ov\u00eddio Maia, isso ocorre em rela\u00e7\u00e3o aos alugu\u00e9is residenciais devido<span class=\"Apple-converted-space\">\u00a0<\/span>\u00e0 procura por im\u00f3veis com a mudan\u00e7a de governo e com a chegada de senadores e deputados na cidade, influenciando diretamente no mercado da<span class=\"Apple-converted-space\">\u00a0<\/span>procura e oferta de im\u00f3veis.<\/span><\/p>\n<p class=\"p1\"><span class=\"s1\"><b>Oferta em \u00c1guas Claras<\/b><\/span><\/p>\n<p>A regi\u00e3o volta a ser a cidade do DF com a maior quantidade de unidades imobili\u00e1rias de lan\u00e7amentos em oferta (estoque) do DF. Atualmente, \u00c1guas Claras tem 1.904 unidades \u00e0 venda no segmento de lan\u00e7amentos (novos ou em constru\u00e7\u00e3o).<\/p>\n<p>O Noroeste, que nos \u00faltimos anos foi a cidade com a maior quantidade de unidades em oferta, agora ocupa o segundo lugar, com 1.738 unidades \u00e0 venda.<\/p>\n<p>Em 2022, foram lan\u00e7ados 11 empreendimentos no Setor Noroeste e 10 empreendimentos em \u00c1guas Claras. Em 2023, foram lan\u00e7ados, at\u00e9 o momento, 3 empreendimentos em cada uma das cidades. Mas em \u00c1guas Claras somaram 448 unidades e no Noroeste representaram 210. Muito provavelmente a primeira terminar\u00e1 o ano de 2023 com a maior quantidade.<\/p>\n<p>\u00c1guas Claras tamb\u00e9m vem se destacando pela valoriza\u00e7\u00e3o dos pre\u00e7os. Atualmente, o pre\u00e7o m\u00e9dio de vendas de unidades de lan\u00e7amento (novos ou em constru\u00e7\u00e3o) est\u00e1 em R$ 10.469\/m\u00b2, tendo sido a cidade onde os pre\u00e7os mais subiram nos \u00faltimos 3 anos.<\/p>\n","protected":false},"excerpt":{"rendered":"<p>Por Samanta Sallum\u00a0 Valor de compra de casas recua, mas alugu\u00e9is sobem. Apartamentos voltam a ter mais procura depois da pandemia. \u00c1guas Claras passa o Noroeste como a regi\u00e3o com mais oferta de im\u00f3veis em constru\u00e7\u00e3o do DF. Foi registrada estabilidade nos pre\u00e7os de apartamentos, mesmo com a eleva\u00e7\u00e3o dos juros, no primeiro trimestre deste ano, no Distrito Federal. De [&hellip;]<\/p>\n","protected":false},"author":125,"featured_media":13081,"comment_status":"open","ping_status":"open","sticky":false,"template":"","format":"standard","meta":{"footnotes":""},"categories":[6],"tags":[762,2057,391,1543,122,831],"class_list":["post-13076","post","type-post","status-publish","format-standard","has-post-thumbnail","hentry","category-coluna-capital-s-a","tag-aguasclaras","tag-alugueis","tag-compra","tag-mercadoimobiliario","tag-noroeste","tag-unidades"],"_links":{"self":[{"href":"https:\/\/blogs.correiobraziliense.com.br\/capital-sa\/wp-json\/wp\/v2\/posts\/13076","targetHints":{"allow":["GET"]}}],"collection":[{"href":"https:\/\/blogs.correiobraziliense.com.br\/capital-sa\/wp-json\/wp\/v2\/posts"}],"about":[{"href":"https:\/\/blogs.correiobraziliense.com.br\/capital-sa\/wp-json\/wp\/v2\/types\/post"}],"author":[{"embeddable":true,"href":"https:\/\/blogs.correiobraziliense.com.br\/capital-sa\/wp-json\/wp\/v2\/users\/125"}],"replies":[{"embeddable":true,"href":"https:\/\/blogs.correiobraziliense.com.br\/capital-sa\/wp-json\/wp\/v2\/comments?post=13076"}],"version-history":[{"count":9,"href":"https:\/\/blogs.correiobraziliense.com.br\/capital-sa\/wp-json\/wp\/v2\/posts\/13076\/revisions"}],"predecessor-version":[{"id":13089,"href":"https:\/\/blogs.correiobraziliense.com.br\/capital-sa\/wp-json\/wp\/v2\/posts\/13076\/revisions\/13089"}],"wp:featuredmedia":[{"embeddable":true,"href":"https:\/\/blogs.correiobraziliense.com.br\/capital-sa\/wp-json\/wp\/v2\/media\/13081"}],"wp:attachment":[{"href":"https:\/\/blogs.correiobraziliense.com.br\/capital-sa\/wp-json\/wp\/v2\/media?parent=13076"}],"wp:term":[{"taxonomy":"category","embeddable":true,"href":"https:\/\/blogs.correiobraziliense.com.br\/capital-sa\/wp-json\/wp\/v2\/categories?post=13076"},{"taxonomy":"post_tag","embeddable":true,"href":"https:\/\/blogs.correiobraziliense.com.br\/capital-sa\/wp-json\/wp\/v2\/tags?post=13076"}],"curies":[{"name":"wp","href":"https:\/\/api.w.org\/{rel}","templated":true}]}}