{"id":13070,"date":"2023-05-30T11:23:36","date_gmt":"2023-05-30T14:23:36","guid":{"rendered":"https:\/\/blogs.correiobraziliense.com.br\/capital-sa\/?p=13070"},"modified":"2023-05-31T17:34:19","modified_gmt":"2023-05-31T20:34:19","slug":"meta-do-mercado-de-seguros-e-chegar-a-10-do-pib-nacional","status":"publish","type":"post","link":"https:\/\/blogs.correiobraziliense.com.br\/capital-sa\/2023\/05\/30\/meta-do-mercado-de-seguros-e-chegar-a-10-do-pib-nacional\/","title":{"rendered":"Meta do mercado de seguros \u00e9 chegar a 10% do PIB nacional"},"content":{"rendered":"<p class=\"p1\"><b>Por Samanta Sallum\u00a0<\/b><\/p>\n<p class=\"p1\"><span class=\"s1\">O mercado brasileiro de seguros est\u00e1 dando uma guinada nas estrat\u00e9gias de atua\u00e7\u00e3o com o objetivo de popularizar a oferta de servi\u00e7os. Tamb\u00e9m est\u00e1 se posicionando fortemente junto do governo federal e do Congresso para mostrar o impacto do setor na economia, respons\u00e1vel por 252 mil empregos e com arrecada\u00e7\u00e3o que alcan\u00e7a 6,2 do PIB nacional. A Confedera\u00e7\u00e3o Nacional das Seguradoras, que engloba Fenseg, FenaPrevi, FenaSa\u00fade e FenaCap, tem como meta de crescimento\u00a0<\/span>alcan\u00e7ar 10% do PIB nacional at\u00e9 2030.<\/p>\n<p class=\"p1\"><span class=\"s1\"><b>Reuni\u00e3o com Haddad <\/b><\/span><\/p>\n<p class=\"p1\"><span class=\"s1\">O atual presidente da Confedera\u00e7\u00e3o \u00e9 Dyogo Oliveira, ex-ministro do Planejamento no governo Temer e ex-presidente do BNDES (foto). Ele fica baseado em Bras\u00edlia e esteve recentemente com o ministro da Fazenda, Fernando Haddad, para tratar de pautas do setor. &#8220;O ministro foi receptivo. E tem bom conhecimento da nossa \u00e1rea. Ele mesmo lembrou que foi um dos que elaborou a tabela Fipe, a que virou refer\u00eancia para a corre\u00e7\u00e3o dos valores para pagamentos de seguro autom\u00f3vel&#8221;, contou Oliveira \u00e0 coluna. <\/span><\/p>\n<p class=\"p1\"><span class=\"s1\"><b>Mudan\u00e7a na imagem pragm\u00e1tica <\/b><\/span><\/p>\n<p class=\"p1\"><span class=\"s1\">O executivo assumiu a CNseg com a miss\u00e3o de descomplicar o acesso da popula\u00e7\u00e3o a seguros e planos<span class=\"Apple-converted-space\">\u00a0<\/span>de previd\u00eancia e de sa\u00fade.<\/span><\/p>\n<p class=\"p1\"><span class=\"s1\">Dar uma cara nova, mais \u00e1gil e moderna ao segmento, at\u00e9 ent\u00e3o visto como conservador e somente pragm\u00e1tico.&#8221;Queremos, inclusive, substituir as palavras t\u00e9cnicas como sinistro. Ora, vamos simplificar a linguagem de forma positiva. E mostrar que nossos servi\u00e7os podem ser acess\u00edveis a um n\u00famero muito maior de pessoas&#8221;, refor\u00e7a Oliveira.<\/span><\/p>\n<p class=\"p1\"><span class=\"s1\"><b>Atletas <\/b><\/span><\/p>\n<p class=\"p1\"><span class=\"s1\">Entre as novidades de renova\u00e7\u00e3o de imagem do setor est\u00e1 a decis\u00e3o de passar a patrocinar atletas ol\u00edmpicos.<\/span><\/p>\n<p class=\"p1\"><strong>N\u00fameros<\/strong><\/p>\n<p class=\"p1\"><strong><span class=\"s1\">R$ 451 bilh\u00f5es <\/span><\/strong><\/p>\n<p class=\"p1\"><span class=\"s1\">Valor de indeniza\u00e7\u00f5es pagas em 2022 pelas seguradoras <\/span><\/p>\n<p class=\"p1\"><span class=\"s1\"><b>R$ 7,12 bilh\u00f5es <\/b><\/span><\/p>\n<p class=\"p1\"><span class=\"s1\">Valor pago a 193 mil fam\u00edlias que perderam parentes na pandemia de Covid. Indeniza\u00e7\u00e3o foi realizada mesmo sem a obrigatoriedade prevista no contrato das ap\u00f3lices<\/span><\/p>\n","protected":false},"excerpt":{"rendered":"<p>Por Samanta Sallum\u00a0 O mercado brasileiro de seguros est\u00e1 dando uma guinada nas estrat\u00e9gias de atua\u00e7\u00e3o com o objetivo de popularizar a oferta de servi\u00e7os. Tamb\u00e9m est\u00e1 se posicionando fortemente junto do governo federal e do Congresso para mostrar o impacto do setor na economia, respons\u00e1vel por 252 mil empregos e com arrecada\u00e7\u00e3o que alcan\u00e7a 6,2 do PIB nacional. A [&hellip;]<\/p>\n","protected":false},"author":125,"featured_media":13074,"comment_status":"open","ping_status":"open","sticky":false,"template":"","format":"standard","meta":{"footnotes":""},"categories":[6],"tags":[2056,408,1580,2055,2035],"class_list":["post-13070","post","type-post","status-publish","format-standard","has-post-thumbnail","hentry","category-coluna-capital-s-a","tag-atletasolimpicos","tag-crescimento","tag-mercado","tag-patrocinio","tag-seguros"],"_links":{"self":[{"href":"https:\/\/blogs.correiobraziliense.com.br\/capital-sa\/wp-json\/wp\/v2\/posts\/13070","targetHints":{"allow":["GET"]}}],"collection":[{"href":"https:\/\/blogs.correiobraziliense.com.br\/capital-sa\/wp-json\/wp\/v2\/posts"}],"about":[{"href":"https:\/\/blogs.correiobraziliense.com.br\/capital-sa\/wp-json\/wp\/v2\/types\/post"}],"author":[{"embeddable":true,"href":"https:\/\/blogs.correiobraziliense.com.br\/capital-sa\/wp-json\/wp\/v2\/users\/125"}],"replies":[{"embeddable":true,"href":"https:\/\/blogs.correiobraziliense.com.br\/capital-sa\/wp-json\/wp\/v2\/comments?post=13070"}],"version-history":[{"count":5,"href":"https:\/\/blogs.correiobraziliense.com.br\/capital-sa\/wp-json\/wp\/v2\/posts\/13070\/revisions"}],"predecessor-version":[{"id":13088,"href":"https:\/\/blogs.correiobraziliense.com.br\/capital-sa\/wp-json\/wp\/v2\/posts\/13070\/revisions\/13088"}],"wp:featuredmedia":[{"embeddable":true,"href":"https:\/\/blogs.correiobraziliense.com.br\/capital-sa\/wp-json\/wp\/v2\/media\/13074"}],"wp:attachment":[{"href":"https:\/\/blogs.correiobraziliense.com.br\/capital-sa\/wp-json\/wp\/v2\/media?parent=13070"}],"wp:term":[{"taxonomy":"category","embeddable":true,"href":"https:\/\/blogs.correiobraziliense.com.br\/capital-sa\/wp-json\/wp\/v2\/categories?post=13070"},{"taxonomy":"post_tag","embeddable":true,"href":"https:\/\/blogs.correiobraziliense.com.br\/capital-sa\/wp-json\/wp\/v2\/tags?post=13070"}],"curies":[{"name":"wp","href":"https:\/\/api.w.org\/{rel}","templated":true}]}}